{"id":515525,"date":"2018-01-24T12:51:47","date_gmt":"2018-01-24T18:51:47","guid":{"rendered":"https:\/\/www.futboltotal.com.mx\/?p=515525"},"modified":"2018-01-24T12:51:47","modified_gmt":"2018-01-24T18:51:47","slug":"america-sanciona-a-darwin-quintero-balonazo","status":"publish","type":"post","link":"http:\/\/desarrollo.grupomedios.com\/futbol\/futbol-mexicano\/america-sanciona-a-darwin-quintero-balonazo\/2018\/01","title":{"rendered":"Am\u00e9rica sanciona a Darwin Quintero por intentar dar balonazo"},"content":{"rendered":"<p>Luego de las diversas criticas que ha recibido <strong>Darwin Quintero<\/strong> por <a href=\"https:\/\/www.futboltotal.com.mx\/destacado-home\/darwin-quintero-sancionado-balonazo-a-reportero\/2018\/01\">intentar dar un balonazo a un reportero<\/a>, el Am\u00e9rica ha comunicado que el jugador tendr\u00e1 una sanci\u00f3n interna por parte del club.<\/p>\n<p>A trav\u00e9s de las redes sociales, <em>las \u00c1guilas<\/em> lanzaron un comunicado donde aclaran que ya tomaron cartas en el asunto y adem\u00e1s ofrecen una disculpa al reportero <strong>Marcelino Fern\u00e1ndez del Castillo<\/strong>, de la cadena <em>ESPN<\/em>.<\/p>\n<p style=\"text-align: center;\"><span style=\"color: #3366ff;\"><a href=\"https:\/\/www.futboltotal.com.mx\/futbol-internacional\/liga-de-inglaterra\/inter-milan-nuevo-pretendiente-chicharito\/2018\/01\">VER M\u00c1S: Inter de Mil\u00e1n, el nuevo pretendiente de Chicharito<\/a><\/span><\/p>\n<blockquote class=\"twitter-tweet\" data-data-dnt=\"true\">\n<p lang=\"es\" dir=\"ltr\">\ud83d\udcdd Comunicado Oficial: <br \/>Sanci\u00f3n Interna Darwin Quintero <a href=\"https:\/\/t.co\/qffgx89nNn\">pic.twitter.com\/qffgx89nNn<\/a><\/p>\n<p>&mdash; Club Am\u00e9rica (@ClubAmerica) <a href=\"https:\/\/twitter.com\/ClubAmerica\/status\/956210423963045889?ref_src=twsrc%5Etfw\">January 24, 2018<\/a><\/p><\/blockquote>\n<p><script async src=\"https:\/\/platform.twitter.com\/widgets.js\" charset=\"utf-8\"><\/script><\/p>\n","protected":false},"excerpt":{"rendered":"<p>El colombiano ser\u00e1 acreedor a una sanci\u00f3n interna por parte del club.<\/p>\n","protected":false},"author":129,"featured_media":513545,"comment_status":"closed","ping_status":"closed","sticky":false,"template":"","format":"standard","meta":[],"categories":[2198,3845],"tags":[5959,284,3883,64],"_links":{"self":[{"href":"http:\/\/desarrollo.grupomedios.com\/futbol\/wp-json\/wp\/v2\/posts\/515525"}],"collection":[{"href":"http:\/\/desarrollo.grupomedios.com\/futbol\/wp-json\/wp\/v2\/posts"}],"about":[{"href":"http:\/\/desarrollo.grupomedios.com\/futbol\/wp-json\/wp\/v2\/types\/post"}],"author":[{"embeddable":true,"href":"http:\/\/desarrollo.grupomedios.com\/futbol\/wp-json\/wp\/v2\/users\/129"}],"replies":[{"embeddable":true,"href":"http:\/\/desarrollo.grupomedios.com\/futbol\/wp-json\/wp\/v2\/comments?post=515525"}],"version-history":[{"count":1,"href":"http:\/\/desarrollo.grupomedios.com\/futbol\/wp-json\/wp\/v2\/posts\/515525\/revisions"}],"predecessor-version":[{"id":515529,"href":"http:\/\/desarrollo.grupomedios.com\/futbol\/wp-json\/wp\/v2\/posts\/515525\/revisions\/515529"}],"wp:featuredmedia":[{"embeddable":true,"href":"http:\/\/desarrollo.grupomedios.com\/futbol\/wp-json\/wp\/v2\/media\/513545"}],"wp:attachment":[{"href":"http:\/\/desarrollo.grupomedios.com\/futbol\/wp-json\/wp\/v2\/media?parent=515525"}],"wp:term":[{"taxonomy":"category","embeddable":true,"href":"http:\/\/desarrollo.grupomedios.com\/futbol\/wp-json\/wp\/v2\/categories?post=515525"},{"taxonomy":"post_tag","embeddable":true,"href":"http:\/\/desarrollo.grupomedios.com\/futbol\/wp-json\/wp\/v2\/tags?post=515525"}],"curies":[{"name":"wp","href":"https:\/\/api.w.org\/{rel}","templated":true}]}}