{"id":515563,"date":"2018-01-24T15:30:59","date_gmt":"2018-01-24T21:30:59","guid":{"rendered":"https:\/\/www.futboltotal.com.mx\/?p=515563"},"modified":"2018-01-24T15:30:59","modified_gmt":"2018-01-24T21:30:59","slug":"juega-en-equipo-ira-a-la-seleccion-mexicana","status":"publish","type":"post","link":"http:\/\/desarrollo.grupomedios.com\/futbol\/destacado-home\/juega-en-equipo-ira-a-la-seleccion-mexicana\/2018\/01","title":{"rendered":"No juega en su equipo, pero ir\u00e1 a la Selecci\u00f3n Mexicana"},"content":{"rendered":"<p>Este jueves, se dar\u00e1 a conocer la convocatoria de la <strong>Selecci\u00f3n Mexicana<\/strong> para el duelo contra Bosnia de este 31 de enero en el Alamodome de San Antonio, Texas.<\/p>\n<p>Los futbolistas que ser\u00e1n convocados en su gran mayor\u00eda ser\u00e1n de la <strong>Liga MX<\/strong>, y la <strong>MLS<\/strong>, debido a que no es <strong>Fecha FIFA<\/strong>, por lo que los clubes europeos donde militan jugadores mexicanos no est\u00e1n obligados a cederlos para este amistoso.<\/p>\n<p>Uno de los futbolistas que ser\u00e1 tomado en cuenta por <strong>Juan Carlos Osorio<\/strong> para el amistoso contra la escuadra europea es <strong>Oswaldo Alan\u00eds<\/strong>.<\/p>\n<p style=\"text-align: center;\"><span style=\"color: #333399;\"><a href=\"https:\/\/www.futboltotal.com.mx\/copa-mundial-de-futbol-2018\/seleccion-mexicana\/fifa-le-dio-permiso-podra-debutar-tri-osorio\">VER M\u00c1S:\u00a0<span class=\"item-title\">FIFA le dio permiso y podr\u00e1 debutar con el Tri de Osorio<\/span><\/a><\/span><\/p>\n<p>El t\u00e9cnico de las <strong>Chivas<\/strong>, <strong>Mat\u00edas Almeyda<\/strong>, adelant\u00f3 en conferencia de prensa este mi\u00e9rcoles que Alan\u00eds y algunos otros jugadores del <em>Reba\u00f1o Sagrado<\/em> ser\u00edan convocados para el duelo contra Bosnia.<\/p>\n<p>&nbsp;<\/p>\n","protected":false},"excerpt":{"rendered":"<p>El futbolista mexicano no ha participado en todo el Torneo Clausura 2018<\/p>\n","protected":false},"author":160,"featured_media":515566,"comment_status":"closed","ping_status":"closed","sticky":false,"template":"","format":"standard","meta":[],"categories":[5,2198,3845,3847],"tags":[6196,1420,2049],"_links":{"self":[{"href":"http:\/\/desarrollo.grupomedios.com\/futbol\/wp-json\/wp\/v2\/posts\/515563"}],"collection":[{"href":"http:\/\/desarrollo.grupomedios.com\/futbol\/wp-json\/wp\/v2\/posts"}],"about":[{"href":"http:\/\/desarrollo.grupomedios.com\/futbol\/wp-json\/wp\/v2\/types\/post"}],"author":[{"embeddable":true,"href":"http:\/\/desarrollo.grupomedios.com\/futbol\/wp-json\/wp\/v2\/users\/160"}],"replies":[{"embeddable":true,"href":"http:\/\/desarrollo.grupomedios.com\/futbol\/wp-json\/wp\/v2\/comments?post=515563"}],"version-history":[{"count":1,"href":"http:\/\/desarrollo.grupomedios.com\/futbol\/wp-json\/wp\/v2\/posts\/515563\/revisions"}],"predecessor-version":[{"id":515567,"href":"http:\/\/desarrollo.grupomedios.com\/futbol\/wp-json\/wp\/v2\/posts\/515563\/revisions\/515567"}],"wp:featuredmedia":[{"embeddable":true,"href":"http:\/\/desarrollo.grupomedios.com\/futbol\/wp-json\/wp\/v2\/media\/515566"}],"wp:attachment":[{"href":"http:\/\/desarrollo.grupomedios.com\/futbol\/wp-json\/wp\/v2\/media?parent=515563"}],"wp:term":[{"taxonomy":"category","embeddable":true,"href":"http:\/\/desarrollo.grupomedios.com\/futbol\/wp-json\/wp\/v2\/categories?post=515563"},{"taxonomy":"post_tag","embeddable":true,"href":"http:\/\/desarrollo.grupomedios.com\/futbol\/wp-json\/wp\/v2\/tags?post=515563"}],"curies":[{"name":"wp","href":"https:\/\/api.w.org\/{rel}","templated":true}]}}