{"id":515564,"date":"2018-01-24T16:27:41","date_gmt":"2018-01-24T22:27:41","guid":{"rendered":"https:\/\/www.futboltotal.com.mx\/?p=515564"},"modified":"2018-01-24T22:58:26","modified_gmt":"2018-01-25T04:58:26","slug":"real-madrid-1-leganes-2-copa-del-rey-2018-resumen","status":"publish","type":"post","link":"http:\/\/desarrollo.grupomedios.com\/futbol\/destacado-home\/real-madrid-1-leganes-2-copa-del-rey-2018-resumen\/2018\/01","title":{"rendered":"Real Madrid fracasa y lo echan de la Copa del Rey"},"content":{"rendered":"<p>El <strong>Real Madrid<\/strong> qued\u00f3 eliminado de la <strong>Copa del Rey<\/strong> a manos del <strong>Legan\u00e9s<\/strong>, los merengues llegaron con la ventaja al encuentro de vuelta pero encararon el partido con un cuadro alterno y\u00a0 pagaron caro ante un conjunto visitante que se fue creciendo en el partido y acab\u00f3 eliminando de forma categ\u00f3rica al equipo de <strong>Zizou.<\/strong><\/p>\n<p>La primera parte result\u00f3 un aut\u00e9ntico calvario para los merengues, desde los primeros cinco minutos\u00a0<strong>Claudio Beauvue<\/strong> comenz\u00f3 a dar avisos de peligro en el cuadro madridista, mientras que el modo de atacar de los locales se reduc\u00eda a centros en busca de <strong>Karim Benzema<\/strong> que no estuvieron ni cerca de llegar a su objetivo.<\/p>\n<p>El futbolista serbio\u00a0<strong>Darko Bra\u0161anac<\/strong> se encarg\u00f3 de poner a temblar de nuevo el arco merengue y\u00a0<strong>Diego Rico<\/strong> se convirti\u00f3 en un aut\u00e9ntico dolor de cabeza por la banda izquierda. <strong>Nordin Amrabat<\/strong> por otro lado logr\u00f3 una descolgada que no encontr\u00f3 rematador en el centro. Pero fue\u00a0<strong>Javier Eraso<\/strong> quien con un disparo de larga distancia logr\u00f3 anotar el gol del empate venciendo a <strong>Kiko Casilla<\/strong>.<\/p>\n<blockquote class=\"twitter-video\" data-lang=\"es\">\n<p dir=\"ltr\" lang=\"en\">Eraso with a golassaooo against <a href=\"https:\/\/twitter.com\/hashtag\/RealMadrid?src=hash&amp;ref_src=twsrc%5Etfw\">#RealMadrid<\/a> <a href=\"https:\/\/t.co\/csvAIvqgL0\">pic.twitter.com\/csvAIvqgL0<\/a><\/p>\n<p>\u2014 Tommy Burlic (@Tommy_Burlic) <a href=\"https:\/\/twitter.com\/Tommy_Burlic\/status\/956271738106425347?ref_src=twsrc%5Etfw\">24 de enero de 2018<\/a><\/p><\/blockquote>\n<p><script async src=\"https:\/\/platform.twitter.com\/widgets.js\" charset=\"utf-8\"><\/script><\/p>\n<p style=\"text-align: center;\"><a href=\"https:\/\/www.futboltotal.com.mx\/futbol-internacional\/liga-de-inglaterra\/inter-milan-nuevo-pretendiente-chicharito\/2018\/01\">VER M\u00c1S: Inter de Mil\u00e1n, el nuevo pretendiente de Chicharito<\/a><\/p>\n<p>El resto del primer lapso se fue con un Legan\u00e9s agrandado y los merengues buscando la salida a las regaderas para replantearse el partido de nueva cuenta.<\/p>\n<p>Poco le dur\u00f3 el gusto a los visitantes, pues apenas un minuto de iniciado el complemento apareci\u00f3 <strong>Karim Benzema<\/strong> para anotar el gol del empate con una soberbia definici\u00f3n ante la salida del guardameta. Sin embargo despu\u00e9s de eso el conjunto del Legan\u00e9s volvi\u00f3 a hacerse con el esf\u00e9rico.<\/p>\n<blockquote class=\"twitter-video\" data-lang=\"es\">\n<p dir=\"ltr\" lang=\"und\"><a href=\"https:\/\/twitter.com\/FAHADHD24_?ref_src=twsrc%5Etfw\">@FAHADHD24_<\/a> <a href=\"https:\/\/t.co\/yo5bXBoxQ0\">pic.twitter.com\/yo5bXBoxQ0<\/a><\/p>\n<p>\u2014 f (@FAHAD__GOAL89) <a href=\"https:\/\/twitter.com\/FAHAD__GOAL89\/status\/956281252256059392?ref_src=twsrc%5Etfw\">24 de enero de 2018<\/a><\/p><\/blockquote>\n<p><script async src=\"https:\/\/platform.twitter.com\/widgets.js\" charset=\"utf-8\"><\/script><\/p>\n<p>Una pelota parada hizo que <strong>Gabriel,<\/strong> el capit\u00e1n de los visitantes pusiera de nuevo a su equipo en ventaja con un remate de cabeza. Despu\u00e9s del gol los merengues no encontraban la manija del partido, Isco comenz\u00f3 a intentar junto a la entrada del croata <strong>Luka Modric<\/strong> pero no pod\u00eda siquiera crear sensaci\u00f3n de peligro en el arco visitante.<\/p>\n<p><iframe loading=\"lazy\" src=\"https:\/\/www.youtube.com\/embed\/ywzZHY6wyuM?feature=oembed\" frameborder=\"0\" allow=\"autoplay; encrypted-media\" allowfullscreen><\/iframe><\/p>\n<p>Posteriormente intent\u00f3 <strong>Borja Mayoral<\/strong> y Karim Benzema rematar pero\u00a0<strong>Nereo Champagne<\/strong> estaba en plan grande, sobre todo en los \u00faltimos 10 minutos del encuentro donde intent\u00f3 irse con todo al frente en busca del gol que los metiera de nuevo en semifinales. No lo lograron e incluso se fueron desvaneciendo las oportunidades con el paso de los minutos y as\u00ed se consum\u00f3 la eliminaci\u00f3n del equipo de <strong>Zinedine Zidane<\/strong>.<\/p>\n<p style=\"text-align: center;\"><a href=\"https:\/\/www.futboltotal.com.mx\/futbol-internacional\/liga-de-francia-futbol-internacional\/los-5-conflictos-los-neymar-quiere-dejar-psg\/2018\/01\">VER M\u00c1S: Los 5 conflictos por los que Neymar quiere dejar al PSG<\/a><\/p>\n","protected":false},"excerpt":{"rendered":"<p>Fue un sonoro fracaso el que vivi\u00f3 el madridismo<\/p>\n","protected":false},"author":159,"featured_media":515565,"comment_status":"closed","ping_status":"closed","sticky":false,"template":"","format":"standard","meta":[],"categories":[5,3839,3844],"tags":[96,253,8076,5988],"_links":{"self":[{"href":"http:\/\/desarrollo.grupomedios.com\/futbol\/wp-json\/wp\/v2\/posts\/515564"}],"collection":[{"href":"http:\/\/desarrollo.grupomedios.com\/futbol\/wp-json\/wp\/v2\/posts"}],"about":[{"href":"http:\/\/desarrollo.grupomedios.com\/futbol\/wp-json\/wp\/v2\/types\/post"}],"author":[{"embeddable":true,"href":"http:\/\/desarrollo.grupomedios.com\/futbol\/wp-json\/wp\/v2\/users\/159"}],"replies":[{"embeddable":true,"href":"http:\/\/desarrollo.grupomedios.com\/futbol\/wp-json\/wp\/v2\/comments?post=515564"}],"version-history":[{"count":2,"href":"http:\/\/desarrollo.grupomedios.com\/futbol\/wp-json\/wp\/v2\/posts\/515564\/revisions"}],"predecessor-version":[{"id":515619,"href":"http:\/\/desarrollo.grupomedios.com\/futbol\/wp-json\/wp\/v2\/posts\/515564\/revisions\/515619"}],"wp:featuredmedia":[{"embeddable":true,"href":"http:\/\/desarrollo.grupomedios.com\/futbol\/wp-json\/wp\/v2\/media\/515565"}],"wp:attachment":[{"href":"http:\/\/desarrollo.grupomedios.com\/futbol\/wp-json\/wp\/v2\/media?parent=515564"}],"wp:term":[{"taxonomy":"category","embeddable":true,"href":"http:\/\/desarrollo.grupomedios.com\/futbol\/wp-json\/wp\/v2\/categories?post=515564"},{"taxonomy":"post_tag","embeddable":true,"href":"http:\/\/desarrollo.grupomedios.com\/futbol\/wp-json\/wp\/v2\/tags?post=515564"}],"curies":[{"name":"wp","href":"https:\/\/api.w.org\/{rel}","templated":true}]}}