{"id":515594,"date":"2018-01-24T17:15:02","date_gmt":"2018-01-24T23:15:02","guid":{"rendered":"https:\/\/www.futboltotal.com.mx\/?p=515594"},"modified":"2018-01-24T17:15:30","modified_gmt":"2018-01-24T23:15:30","slug":"van-a-la-escuela-van-a-jugar-en-chivas-matias-almeyda","status":"publish","type":"post","link":"http:\/\/desarrollo.grupomedios.com\/futbol\/futbol-mexicano\/van-a-la-escuela-van-a-jugar-en-chivas-matias-almeyda\/2018\/01","title":{"rendered":"Si no van a la escuela, no van a jugar en Chivas: Mat\u00edas Almeyda"},"content":{"rendered":"<p>El argentino <strong>Mat\u00edas Almeyda<\/strong>, entrenador de las <strong>Chivas Rayadas del Guadalajara<\/strong>, cont\u00f3\u00a0 que los jugadores del f\u00fatbol base tienen la exigencia de llevar buenas notas escolares para poder jugar, ya que tras su carrera profesional deben estar preparados para una vida &#8220;normal&#8221;.<\/p>\n<p>El estratega se congratul\u00f3 por el desempe\u00f1o del delantero <strong>Eduardo L\u00f3pez<\/strong>, una de las promesas del equipo, destac\u00f3 que ha sido m\u00e1s profesional en su preparaci\u00f3n f\u00edsica y su alimentaci\u00f3n y aunque para muchos no es importante, L\u00f3pez est\u00e1 asistiendo a la &#8220;universidad&#8221;.<\/p>\n<p>&#8220;Hay muchos detalles en los que voy trabajando, no solamente para que pateen un bal\u00f3n&#8221;, dijo Almeyda en conferencia de prensa.<\/p>\n<p style=\"text-align: center;\"><span style=\"color: #333399;\"><a href=\"https:\/\/www.futboltotal.com.mx\/destacado-home\/detiene-la-policia-a-jurgen-damm-en-nuevo-leon\/2018\/01\">VER M\u00c1S:\u00a0<span class=\"item-title\">Detiene la polic\u00eda a J\u00fcrgen Damm en Nuevo Le\u00f3n<\/span><\/a><\/span><\/p>\n<p style=\"text-align: left;\"><mark>&#8220;Los jugadores saben de todo lo que yo les hablo y c\u00f3mo nos manejamos, de pronto en el cuerpo t\u00e9cnico nos estamos metiendo con ellos respecto al estudio; hay una vida despu\u00e9s del f\u00fatbol y a m\u00ed me interesa que una vez que dejen de jugar tengan una vida normal y con una preparaci\u00f3n&#8221;, a\u00f1adi\u00f3.<\/mark><\/p>\n<p>Desde que el empresario <strong>Jorge Vergara<\/strong> compr\u00f3 el Guadalajara pugn\u00f3 porque los jugadores de fuerzas b\u00e1sicas compaginaran el deporte y el estudio por medio del programa <strong>Educare<\/strong>, que el club implement\u00f3 para ayudar a sus jugadores.<\/p>\n<p>&#8220;Nosotros miramos sus notas porque el club premia a quien trae la mejor nota y le paga la escuela; el que tiene una mala nota se tiene que pagar su educaci\u00f3n y el jugador que no va a la universidad, conmigo no va a jugar&#8221;, enfatiz\u00f3.<\/p>\n<p style=\"text-align: center;\"><span style=\"color: #333399;\"><a href=\"https:\/\/www.futboltotal.com.mx\/futbol-mexicano\/club-leon-estrenara-estadio-en-2022\/2018\/01\">VER M\u00c1S:\u00a0<span class=\"item-title\">Club Le\u00f3n estrenar\u00e1 estadio en 2022<\/span><\/a><\/span><\/p>\n<p style=\"text-align: left;\">Por otra parte, Almeyda consider\u00f3 que los elogios sobre el delantero <strong>Ronaldo Cisneros<\/strong>, que debut\u00f3 con un gol en el triunfo por 1-3 sobre el Necaxa, el pasado s\u00e1bado, han sido desmedidos y en el f\u00fatbol cuando se es joven &#8220;es muy f\u00e1cil marearse y perder la cabeza&#8221; por lo que estar\u00e1 muy cerca del jugador para evitar perder el piso.<\/p>\n<p>&#8220;Lo comparaban con el debut de &#8216;<strong>Chicharito<\/strong>&#8216; y eso es demasiado acelerado porque a los que perjudican siempre son a los jugadores&#8221;, coment\u00f3.<\/p>\n<p><strong>El Guadalajara recibir\u00e1 al Monterrey este s\u00e1bado en la cuarta jornada del Clausura 2018.<\/strong><\/p>\n<p><em>INFORMACI\u00d3N: EFE<\/em><\/p>\n","protected":false},"excerpt":{"rendered":"<p>El entrenador argentino no s\u00f3lo quiere contar con buenos jugadores<\/p>\n","protected":false},"author":160,"featured_media":515598,"comment_status":"closed","ping_status":"closed","sticky":false,"template":"","format":"standard","meta":[],"categories":[2198,3845],"tags":[70,1420,8675],"_links":{"self":[{"href":"http:\/\/desarrollo.grupomedios.com\/futbol\/wp-json\/wp\/v2\/posts\/515594"}],"collection":[{"href":"http:\/\/desarrollo.grupomedios.com\/futbol\/wp-json\/wp\/v2\/posts"}],"about":[{"href":"http:\/\/desarrollo.grupomedios.com\/futbol\/wp-json\/wp\/v2\/types\/post"}],"author":[{"embeddable":true,"href":"http:\/\/desarrollo.grupomedios.com\/futbol\/wp-json\/wp\/v2\/users\/160"}],"replies":[{"embeddable":true,"href":"http:\/\/desarrollo.grupomedios.com\/futbol\/wp-json\/wp\/v2\/comments?post=515594"}],"version-history":[{"count":2,"href":"http:\/\/desarrollo.grupomedios.com\/futbol\/wp-json\/wp\/v2\/posts\/515594\/revisions"}],"predecessor-version":[{"id":515600,"href":"http:\/\/desarrollo.grupomedios.com\/futbol\/wp-json\/wp\/v2\/posts\/515594\/revisions\/515600"}],"wp:featuredmedia":[{"embeddable":true,"href":"http:\/\/desarrollo.grupomedios.com\/futbol\/wp-json\/wp\/v2\/media\/515598"}],"wp:attachment":[{"href":"http:\/\/desarrollo.grupomedios.com\/futbol\/wp-json\/wp\/v2\/media?parent=515594"}],"wp:term":[{"taxonomy":"category","embeddable":true,"href":"http:\/\/desarrollo.grupomedios.com\/futbol\/wp-json\/wp\/v2\/categories?post=515594"},{"taxonomy":"post_tag","embeddable":true,"href":"http:\/\/desarrollo.grupomedios.com\/futbol\/wp-json\/wp\/v2\/tags?post=515594"}],"curies":[{"name":"wp","href":"https:\/\/api.w.org\/{rel}","templated":true}]}}