{"id":515603,"date":"2018-01-24T18:17:57","date_gmt":"2018-01-25T00:17:57","guid":{"rendered":"https:\/\/www.futboltotal.com.mx\/?p=515603"},"modified":"2018-01-24T18:18:54","modified_gmt":"2018-01-25T00:18:54","slug":"damm-tigres-aclaran-detencion-judicial-del-jugador","status":"publish","type":"post","link":"http:\/\/desarrollo.grupomedios.com\/futbol\/futbol-mexicano\/damm-tigres-aclaran-detencion-judicial-del-jugador\/2018\/01","title":{"rendered":"Damm y Tigres aclaran detenci\u00f3n judicial del jugador"},"content":{"rendered":"<p><strong>J\u00fcrgen Damm<\/strong> fue detenido por la polic\u00eda este mi\u00e9rcoles por la tarde en el municipio de<strong> Gonzalitos<\/strong>.<\/p>\n<p>En un <strong>video<\/strong>, se dio a conocer el momento en el que se present\u00f3 la detenci\u00f3n del jugador por parte de la polic\u00eda estatal.<\/p>\n<blockquote class=\"twitter-video\" data-lang=\"es\">\n<p dir=\"ltr\" lang=\"es\">detuvieron a Jurgen Damm en el pollo loco de Gonzalitos, alguien sabe que pas\u00f3? <a href=\"https:\/\/t.co\/nlQw4DvGPZ\">pic.twitter.com\/nlQw4DvGPZ<\/a><\/p>\n<p>\u2014 Ek Gonz\u00e1lez (@ekgonzalez_) <a href=\"https:\/\/twitter.com\/ekgonzalez_\/status\/956288520414474242?ref_src=twsrc%5Etfw\">24 de enero de 2018<\/a><\/p><\/blockquote>\n<p><script async src=\"https:\/\/platform.twitter.com\/widgets.js\" charset=\"utf-8\"><\/script><\/p>\n<p>Los <strong>Tigres<\/strong> publicaron un comunicado con palabras del mediocampista mexicano J\u00fcrgen Damm, aclarando lo sucedido esta tarde.<\/p>\n<p style=\"text-align: center;\"><span style=\"color: #333399;\"><a href=\"https:\/\/www.futboltotal.com.mx\/destacado-home\/detiene-la-policia-a-jurgen-damm-en-nuevo-leon\/2018\/01\">VER M\u00c1S:\u00a0<span class=\"item-title\">Detiene la polic\u00eda a J\u00fcrgen Damm en Nuevo Le\u00f3n<\/span><\/a><\/span><\/p>\n<p><mark>&#8220;Esta tarde me confund\u00ed cuando me hicieron la solicitud de que detuviera mi camioneta, al no identificar a qui\u00e9nes me lo pidieron , opt\u00e9 por refugiarme en el lugar m\u00e1s cercano. Afortunadamente, minutos m\u00e1s tarde todo fue aclarado por la autoridad que s\u00f3lo quer\u00eda revisar mi permiso de conducir&#8221;<\/mark>, se\u00f1al\u00f3 el futbolista de los felinos.<\/p>\n<p>Este fue el tweet con la publicaci\u00f3n de los Tigres sobre la situaci\u00f3n de J\u00fcrgen Damm.<\/p>\n<blockquote class=\"twitter-tweet\" data-partner=\"tweetdeck\">\n<p dir=\"ltr\" lang=\"und\">Declaraci\u00f3n de J\u00fcrgen Damm sobre lo sucedido esta tarde. <a href=\"https:\/\/t.co\/OMT2rROvjf\">pic.twitter.com\/OMT2rROvjf<\/a><\/p>\n<p>\u2014 CLUB TIGRES OFICIAL (@TigresOficial) <a href=\"https:\/\/twitter.com\/TigresOficial\/status\/956308370511859712?ref_src=twsrc%5Etfw\">January 24, 2018<\/a><\/p><\/blockquote>\n<p><script async src=\"https:\/\/platform.twitter.com\/widgets.js\" charset=\"utf-8\"><\/script><\/p>\n","protected":false},"excerpt":{"rendered":"<p>El futbolista mexicano dio su versi\u00f3n sobre la detenci\u00f3n<\/p>\n","protected":false},"author":160,"featured_media":515604,"comment_status":"closed","ping_status":"closed","sticky":false,"template":"","format":"standard","meta":[],"categories":[2198,3845],"tags":[1916,5973],"_links":{"self":[{"href":"http:\/\/desarrollo.grupomedios.com\/futbol\/wp-json\/wp\/v2\/posts\/515603"}],"collection":[{"href":"http:\/\/desarrollo.grupomedios.com\/futbol\/wp-json\/wp\/v2\/posts"}],"about":[{"href":"http:\/\/desarrollo.grupomedios.com\/futbol\/wp-json\/wp\/v2\/types\/post"}],"author":[{"embeddable":true,"href":"http:\/\/desarrollo.grupomedios.com\/futbol\/wp-json\/wp\/v2\/users\/160"}],"replies":[{"embeddable":true,"href":"http:\/\/desarrollo.grupomedios.com\/futbol\/wp-json\/wp\/v2\/comments?post=515603"}],"version-history":[{"count":2,"href":"http:\/\/desarrollo.grupomedios.com\/futbol\/wp-json\/wp\/v2\/posts\/515603\/revisions"}],"predecessor-version":[{"id":515606,"href":"http:\/\/desarrollo.grupomedios.com\/futbol\/wp-json\/wp\/v2\/posts\/515603\/revisions\/515606"}],"wp:featuredmedia":[{"embeddable":true,"href":"http:\/\/desarrollo.grupomedios.com\/futbol\/wp-json\/wp\/v2\/media\/515604"}],"wp:attachment":[{"href":"http:\/\/desarrollo.grupomedios.com\/futbol\/wp-json\/wp\/v2\/media?parent=515603"}],"wp:term":[{"taxonomy":"category","embeddable":true,"href":"http:\/\/desarrollo.grupomedios.com\/futbol\/wp-json\/wp\/v2\/categories?post=515603"},{"taxonomy":"post_tag","embeddable":true,"href":"http:\/\/desarrollo.grupomedios.com\/futbol\/wp-json\/wp\/v2\/tags?post=515603"}],"curies":[{"name":"wp","href":"https:\/\/api.w.org\/{rel}","templated":true}]}}