{"id":515633,"date":"2018-01-25T09:47:02","date_gmt":"2018-01-25T15:47:02","guid":{"rendered":"https:\/\/www.futboltotal.com.mx\/?p=515633"},"modified":"2018-01-25T09:47:02","modified_gmt":"2018-01-25T15:47:02","slug":"cristiano-pide-a-los-madridistas-caer-en-la-batalla","status":"publish","type":"post","link":"http:\/\/desarrollo.grupomedios.com\/futbol\/futbol-internacional\/cristiano-pide-a-los-madridistas-caer-en-la-batalla\/2018\/01","title":{"rendered":"Cristiano pide a los madridistas no caer en la batalla"},"content":{"rendered":"<p>El portugu\u00e9s <strong>Cristiano Ronaldo<\/strong> mand\u00f3 un mensaje al madridismo a trav\u00e9s de sus redes sociales, con una imagen de trabajo en el entrenamiento del <strong>Real Madrid<\/strong> acompa\u00f1ada de un texto en el que mira al futuro con esperanza, asegurando que &#8220;quedan muchas batallas por ganar&#8221;.<\/p>\n<p>En el momento m\u00e1s duro de la <strong>era Zidane<\/strong>, con el Real Madrid a 19 puntos del <strong>Barcelona<\/strong> en <strong>LaLiga Santander<\/strong> y eliminado de la <strong>Copa del Rey<\/strong> en cuartos de final tras ser remontado en el <strong>Santiago Bernab\u00e9u<\/strong> por el Legan\u00e9s, Cristiano dej\u00f3 un mensaje de aliento al madridismo.<\/p>\n<p style=\"text-align: center;\"><span style=\"color: #3366ff;\"><a href=\"https:\/\/www.futboltotal.com.mx\/futbol-internacional\/liga-de-inglaterra\/chicharito-es-ofrecido-al-atletico-madrid\/2018\/01\">VER M\u00c1S: Chicharito es ofrecido al Atl\u00e9tico de Madrid<\/a><\/span><\/p>\n<blockquote class=\"twitter-tweet\" data-width=\"500\">\n<p lang=\"es\" dir=\"ltr\">\u00c1nimo equipo. \u00c1nimo madridistas. A\u00fan nos quedan muchas batallas por ganar. <a href=\"https:\/\/t.co\/xkbCAMYmpk\">pic.twitter.com\/xkbCAMYmpk<\/a><\/p>\n<p>&mdash; Cristiano Ronaldo (@Cristiano) <a href=\"https:\/\/twitter.com\/Cristiano\/status\/956507790725480448?ref_src=twsrc%5Etfw\">January 25, 2018<\/a><\/p><\/blockquote>\n<p><script async src=\"https:\/\/platform.twitter.com\/widgets.js\" charset=\"utf-8\"><\/script><\/p>\n<p>El portugu\u00e9s fue uno de los descartes de <strong>Zinedine Zidane<\/strong> para el partido copero, dando prioridad al duelo liguero en <strong>Mestalla<\/strong> del s\u00e1bado, y para recuperarse totalmente del fuerte golpe que recibi\u00f3 en el ojo izquierdo por el que le tuvieron que darle puntos de sutura.<\/p>\n<p>&#8220;\u00c1nimo equipo. \u00c1nimo madridistas. A\u00fan nos quedan muchas batallas por ganar&#8221;, escribi\u00f3 Cristiano junto a una imagen del entrenamiento con sus compa\u00f1eros, con caras serias, en la ciudad deportiva del Real Madrid tras la eliminaci\u00f3n copera. EFE<\/p>\n","protected":false},"excerpt":{"rendered":"<p>El portugu\u00e9s pidi\u00f3 seguir apoyando al equipo.<\/p>\n","protected":false},"author":129,"featured_media":513292,"comment_status":"closed","ping_status":"closed","sticky":false,"template":"","format":"standard","meta":[],"categories":[3839,3844],"tags":[6013,6214,5988],"_links":{"self":[{"href":"http:\/\/desarrollo.grupomedios.com\/futbol\/wp-json\/wp\/v2\/posts\/515633"}],"collection":[{"href":"http:\/\/desarrollo.grupomedios.com\/futbol\/wp-json\/wp\/v2\/posts"}],"about":[{"href":"http:\/\/desarrollo.grupomedios.com\/futbol\/wp-json\/wp\/v2\/types\/post"}],"author":[{"embeddable":true,"href":"http:\/\/desarrollo.grupomedios.com\/futbol\/wp-json\/wp\/v2\/users\/129"}],"replies":[{"embeddable":true,"href":"http:\/\/desarrollo.grupomedios.com\/futbol\/wp-json\/wp\/v2\/comments?post=515633"}],"version-history":[{"count":1,"href":"http:\/\/desarrollo.grupomedios.com\/futbol\/wp-json\/wp\/v2\/posts\/515633\/revisions"}],"predecessor-version":[{"id":515634,"href":"http:\/\/desarrollo.grupomedios.com\/futbol\/wp-json\/wp\/v2\/posts\/515633\/revisions\/515634"}],"wp:featuredmedia":[{"embeddable":true,"href":"http:\/\/desarrollo.grupomedios.com\/futbol\/wp-json\/wp\/v2\/media\/513292"}],"wp:attachment":[{"href":"http:\/\/desarrollo.grupomedios.com\/futbol\/wp-json\/wp\/v2\/media?parent=515633"}],"wp:term":[{"taxonomy":"category","embeddable":true,"href":"http:\/\/desarrollo.grupomedios.com\/futbol\/wp-json\/wp\/v2\/categories?post=515633"},{"taxonomy":"post_tag","embeddable":true,"href":"http:\/\/desarrollo.grupomedios.com\/futbol\/wp-json\/wp\/v2\/tags?post=515633"}],"curies":[{"name":"wp","href":"https:\/\/api.w.org\/{rel}","templated":true}]}}