{"id":515640,"date":"2018-01-25T11:16:51","date_gmt":"2018-01-25T17:16:51","guid":{"rendered":"https:\/\/www.futboltotal.com.mx\/?p=515640"},"modified":"2018-01-25T13:25:35","modified_gmt":"2018-01-25T19:25:35","slug":"mexicanos-sin-minutos-en-europa-la-preocupacion-del-tri","status":"publish","type":"post","link":"http:\/\/desarrollo.grupomedios.com\/futbol\/destacado-home\/mexicanos-sin-minutos-en-europa-la-preocupacion-del-tri\/2018\/01","title":{"rendered":"Mexicanos sin minutos en Europa, la preocupaci\u00f3n del Tri"},"content":{"rendered":"<p>La <strong>Selecci\u00f3n Mexicana<\/strong> se enfrentar\u00e1 a un semestre muy importante, pues luego de un Hexagonal relativamente sencillo, los mexicanos en Europa no han logrado tener los minutos que desear\u00eda y <strong>Juan Carlos Osorio<\/strong> tiene una gran preocupaci\u00f3n que lo consume. Por esta raz\u00f3n ha comenzado a ver futbolistas de la <strong>Liga MX<\/strong> que podr\u00edan ocupar el lugar de alg\u00fan elemento del Viejo Continente.<\/p>\n<p>Quienes menos minutos han visto son <strong>Miguel Lay\u00fan<\/strong> y <strong>H\u00e9ctor Moreno<\/strong>; el lateral del <strong>Porto<\/strong> no ha sido tomado en cuenta por el estratega\u00a0<strong>S\u00e9rgio Concei\u00e7\u00e3o<\/strong>, sin embargo tampoco desean darle salida al futbolista; por su parte el defensa central no se ha logrado adaptar al futbol de la <strong>Serie A<\/strong> y pr\u00e1cticamente ha visto la mayor\u00eda de los partidos desde la banca.<\/p>\n<p><strong>Diego Reyes<\/strong> y <strong>Ra\u00fal Jim\u00e9nez<\/strong> est\u00e1n en un punto medio, aunque la realidad es que sus minutos se los han ganado saliendo desde la banca, tanto con el <strong>Porto<\/strong> como con el <strong>Benfica<\/strong>, ambos han perdido protagonismo dentro de sus clubes; caso especial es el de <strong>Carlos Vela<\/strong>, quien disminuy\u00f3 de forma considerable sus minutos con la <strong>Real Sociedad<\/strong> luego de dar a conocer que se iba a la <strong>MLS<\/strong> con <strong>Los Angeles FC<\/strong>.<\/p>\n<p style=\"text-align: center;\"><a href=\"https:\/\/www.futboltotal.com.mx\/futbol-mexicano\/liga-mx\/2-jerseys-liga-mx-los-feos-del-mundo\/2018\/01\">VER M\u00c1S: 2 jerseys de Liga MX entre los m\u00e1s feos del mundo<\/a><\/p>\n<p><strong>Chicharito<\/strong> y<strong> Tecatito<\/strong> han tenido buenos minutos pero siguen sin ser determinantes en sus equipos, la mayor\u00eda de ellos han sido de igual forma saliendo desde la banca. Sin embargo, se encuentran entre los n\u00fameros m\u00e1s elevados junto con <strong>Carlos Salcedo<\/strong>,<strong> Andr\u00e9s Guardado<\/strong> y <strong>Guillermo Ochoa<\/strong>.<\/p>\n<p>[video_player]https:\/\/player.vimeo.com\/external\/252759668.hd.mp4?s=89214ed15ce27469ff0a5430e025ec08c29e6a0f&amp;profile_id=175[\/video_player]<\/p>\n<p>Los mexicanos en Europa:<\/p>\n<p><strong>H\u00e9ctor Moreno<\/strong><\/p>\n<p>317 minutos<\/p>\n<p>6 partidos<\/p>\n<p>19 comenz\u00f3 en la banca<\/p>\n<p>0 goles<\/p>\n<p><strong>Miguel Lay\u00fan<\/strong><\/p>\n<p>526 minutos<\/p>\n<p>12 partidos<\/p>\n<p>12 comenz\u00f3 en la banca<\/p>\n<p>1 goles<\/p>\n<p><strong>*Carlos Vela <\/strong><\/p>\n<p>612 minutos<\/p>\n<p>17 partidos<\/p>\n<p>15 comenz\u00f3 en la banca<\/p>\n<p>1 goles<\/p>\n<p>*su \u00faltimo semestre con la Real Sociedad<\/p>\n<p><strong>Ra\u00fal Jim\u00e9nez<\/strong><\/p>\n<p><span style=\"font-weight: 400;\">629 minutos<\/span><\/p>\n<p><span style=\"font-weight: 400;\">24 partidos<\/span><\/p>\n<p><span style=\"font-weight: 400;\">21 comenz\u00f3 en la banca<\/span><\/p>\n<p><span style=\"font-weight: 400;\">2 goles<\/span><\/p>\n<p><strong>Diego Reyes<\/strong><\/p>\n<p>699 minutos<\/p>\n<p>13 partidos<\/p>\n<p>22 comenz\u00f3 en la banca<\/p>\n<p>2 goles<\/p>\n<p><strong>Javier Hern\u00e1ndez<\/strong><\/p>\n<p>1,072 minutos<\/p>\n<p>21 partidos<\/p>\n<p>11 comenz\u00f3 en la banca<\/p>\n<p>5 goles<\/p>\n<p><strong>Jes\u00fas Corona<\/strong><\/p>\n<p>1,219 minutos<\/p>\n<p>25 partidos<\/p>\n<p>13 comenz\u00f3 en la banca<\/p>\n<p>2 goles<\/p>\n<p>&nbsp;<\/p>\n<p>&nbsp;<\/p>\n<p>&nbsp;<\/p>\n<p>&nbsp;<\/p>\n<p style=\"text-align: center;\"><a href=\"https:\/\/www.futboltotal.com.mx\/futbol-internacional\/liga-de-inglaterra\/chicharito-es-ofrecido-al-atletico-madrid\/2018\/01\">VER M\u00c1S: Chicharito es ofrecido al Atl\u00e9tico de Madrid<\/a><\/p>\n","protected":false},"excerpt":{"rendered":"<p>La Selecci\u00f3n Mexicana se enfrentar\u00e1 a un semestre muy importante, pues luego de un Hexagonal relativamente sencillo, los mexicanos en Europa no han logrado tener los minutos que desear\u00eda y Juan Carlos Osorio tiene una gran preocupaci\u00f3n que lo consume. Por esta raz\u00f3n ha comenzado a ver futbolistas de la Liga MX que podr\u00edan ocupar [&hellip;]<\/p>\n","protected":false},"author":159,"featured_media":515647,"comment_status":"closed","ping_status":"closed","sticky":false,"template":"","format":"standard","meta":[],"categories":[5,2198,3847],"tags":[120,6006,5987,5443,6196,65,1035,742],"_links":{"self":[{"href":"http:\/\/desarrollo.grupomedios.com\/futbol\/wp-json\/wp\/v2\/posts\/515640"}],"collection":[{"href":"http:\/\/desarrollo.grupomedios.com\/futbol\/wp-json\/wp\/v2\/posts"}],"about":[{"href":"http:\/\/desarrollo.grupomedios.com\/futbol\/wp-json\/wp\/v2\/types\/post"}],"author":[{"embeddable":true,"href":"http:\/\/desarrollo.grupomedios.com\/futbol\/wp-json\/wp\/v2\/users\/159"}],"replies":[{"embeddable":true,"href":"http:\/\/desarrollo.grupomedios.com\/futbol\/wp-json\/wp\/v2\/comments?post=515640"}],"version-history":[{"count":2,"href":"http:\/\/desarrollo.grupomedios.com\/futbol\/wp-json\/wp\/v2\/posts\/515640\/revisions"}],"predecessor-version":[{"id":515670,"href":"http:\/\/desarrollo.grupomedios.com\/futbol\/wp-json\/wp\/v2\/posts\/515640\/revisions\/515670"}],"wp:featuredmedia":[{"embeddable":true,"href":"http:\/\/desarrollo.grupomedios.com\/futbol\/wp-json\/wp\/v2\/media\/515647"}],"wp:attachment":[{"href":"http:\/\/desarrollo.grupomedios.com\/futbol\/wp-json\/wp\/v2\/media?parent=515640"}],"wp:term":[{"taxonomy":"category","embeddable":true,"href":"http:\/\/desarrollo.grupomedios.com\/futbol\/wp-json\/wp\/v2\/categories?post=515640"},{"taxonomy":"post_tag","embeddable":true,"href":"http:\/\/desarrollo.grupomedios.com\/futbol\/wp-json\/wp\/v2\/tags?post=515640"}],"curies":[{"name":"wp","href":"https:\/\/api.w.org\/{rel}","templated":true}]}}