{"id":515643,"date":"2018-01-25T11:35:54","date_gmt":"2018-01-25T17:35:54","guid":{"rendered":"https:\/\/www.futboltotal.com.mx\/?p=515643"},"modified":"2018-01-25T11:35:54","modified_gmt":"2018-01-25T17:35:54","slug":"necaxa-se-refuerza-delantero-traido-europa","status":"publish","type":"post","link":"http:\/\/desarrollo.grupomedios.com\/futbol\/futbol-mexicano\/necaxa-se-refuerza-delantero-traido-europa\/2018\/01","title":{"rendered":"Necaxa se refuerza con delantero tra\u00eddo de Europa"},"content":{"rendered":"<p>A pesar de que el torneo de Clausura 2018 ya lleva tres jornadas, los <strong>Rayos del Necaxa<\/strong> se reforzaron con otro delantero, pues vaya que les hace falta luego de dos derrotas y un partido empatado.<\/p>\n<p>El conjunto de Aguascalientes anunci\u00f3 la llegada del colombiano <strong>Gustavo Colma,<\/strong> quien ya est\u00e1 presente para reforzar al equipo para este torneo.<\/p>\n<p style=\"text-align: center;\"><span style=\"color: #3366ff;\"><a href=\"https:\/\/www.futboltotal.com.mx\/futbol-mexicano\/seleccion-mexicana\/mexicanos-sin-minutos-en-europa-la-preocupacion-del-tri\/2018\/01\">VER M\u00c1S: Mexicanos sin minutos en Europa, la preocupaci\u00f3n del Tri<\/a><\/span><\/p>\n<blockquote class=\"twitter-tweet\" data-data-dnt=\"true\">\n<p lang=\"es\" dir=\"ltr\">\u00a1<a href=\"https:\/\/twitter.com\/hashtag\/BienvenidoCulma?src=hash&amp;ref_src=twsrc%5Etfw\">#BienvenidoCulma<\/a> \ud83d\udcaa\ud83c\udffc\u26aa\ufe0f\ud83d\udd34 a jugar <a href=\"https:\/\/twitter.com\/hashtag\/ConElRayoEnelCoraz%C3%B3n?src=hash&amp;ref_src=twsrc%5Etfw\">#ConElRayoEnelCoraz\u00f3n<\/a>! \u26a1\ufe0f\ud83d\udc49\ud83c\udffc\u2764\ufe0f <a href=\"https:\/\/t.co\/m9DJosV6Xw\">pic.twitter.com\/m9DJosV6Xw<\/a><\/p>\n<p>&mdash; Club Necaxa (@ClubNecaxa) <a href=\"https:\/\/twitter.com\/ClubNecaxa\/status\/956526190633865216?ref_src=twsrc%5Etfw\">January 25, 2018<\/a><\/p><\/blockquote>\n<p><script async src=\"https:\/\/platform.twitter.com\/widgets.js\" charset=\"utf-8\"><\/script><\/p>\n<p>Colma, de 24 a\u00f1os, llega proveniente de <strong>PFC CSK Sof\u00eda de Bulgaria<\/strong>, donde estuvo jugando desde el 2016 y ha participado como delantero, aunque a veces puede ser extremo.<\/p>\n<p>El colombiano realiz\u00f3 su debut profesional con el <strong>Club Once Caldas<\/strong> en el 2012, donde disput\u00f3 m\u00e1s de 50 partidos y anot\u00f3 7 goles. Posteriormente, emigr\u00f3 a Bulgaria y se incorpor\u00f3 a las filas del <strong>PFC Litex Lovech<\/strong>, para despu\u00e9s pasar al <strong>PFC CSKA Sof\u00eda<\/strong>.<\/p>\n<p>Gustavo ya se encuentra entrenando al parejo de sus compa\u00f1eros en Aguascalientes y a la disposici\u00f3n de su t\u00e9cnico <strong>Ignacio Ambriz<\/strong>.<\/p>\n","protected":false},"excerpt":{"rendered":"<p>Los Rayos quieren recomponer el camino en el Clausura 2018.<\/p>\n","protected":false},"author":129,"featured_media":515651,"comment_status":"closed","ping_status":"closed","sticky":false,"template":"","format":"standard","meta":[],"categories":[2198,3845],"tags":[3883,511,64,261],"_links":{"self":[{"href":"http:\/\/desarrollo.grupomedios.com\/futbol\/wp-json\/wp\/v2\/posts\/515643"}],"collection":[{"href":"http:\/\/desarrollo.grupomedios.com\/futbol\/wp-json\/wp\/v2\/posts"}],"about":[{"href":"http:\/\/desarrollo.grupomedios.com\/futbol\/wp-json\/wp\/v2\/types\/post"}],"author":[{"embeddable":true,"href":"http:\/\/desarrollo.grupomedios.com\/futbol\/wp-json\/wp\/v2\/users\/129"}],"replies":[{"embeddable":true,"href":"http:\/\/desarrollo.grupomedios.com\/futbol\/wp-json\/wp\/v2\/comments?post=515643"}],"version-history":[{"count":1,"href":"http:\/\/desarrollo.grupomedios.com\/futbol\/wp-json\/wp\/v2\/posts\/515643\/revisions"}],"predecessor-version":[{"id":515652,"href":"http:\/\/desarrollo.grupomedios.com\/futbol\/wp-json\/wp\/v2\/posts\/515643\/revisions\/515652"}],"wp:featuredmedia":[{"embeddable":true,"href":"http:\/\/desarrollo.grupomedios.com\/futbol\/wp-json\/wp\/v2\/media\/515651"}],"wp:attachment":[{"href":"http:\/\/desarrollo.grupomedios.com\/futbol\/wp-json\/wp\/v2\/media?parent=515643"}],"wp:term":[{"taxonomy":"category","embeddable":true,"href":"http:\/\/desarrollo.grupomedios.com\/futbol\/wp-json\/wp\/v2\/categories?post=515643"},{"taxonomy":"post_tag","embeddable":true,"href":"http:\/\/desarrollo.grupomedios.com\/futbol\/wp-json\/wp\/v2\/tags?post=515643"}],"curies":[{"name":"wp","href":"https:\/\/api.w.org\/{rel}","templated":true}]}}