{"id":515676,"date":"2018-01-25T13:56:40","date_gmt":"2018-01-25T19:56:40","guid":{"rendered":"https:\/\/www.futboltotal.com.mx\/?p=515676"},"modified":"2018-01-25T13:56:40","modified_gmt":"2018-01-25T19:56:40","slug":"posible-once-titular-del-tri-contra-bosnia","status":"publish","type":"post","link":"http:\/\/desarrollo.grupomedios.com\/futbol\/futbol-mexicano\/posible-once-titular-del-tri-contra-bosnia\/2018\/01","title":{"rendered":"El posible once titular del Tri contra Bosnia"},"content":{"rendered":"<p>Despu\u00e9s de conocer a los convocados por <strong>Juan Carlos Osorio<\/strong> para el juego amistoso contra Bosnia del pr\u00f3ximo 31 de enero en San Antonio, intentaremos acercarnos al once titular que utilizar\u00eda el colombiano.<\/p>\n<p>En la porter\u00eda, <strong>Rodolfo Cota<\/strong> se perfila como el hombre que estar\u00eda resguardando el arco tricolor, al ser uno de los hombres que ha sido llamado de forma recurrente por Osorio, y que vive un buen momento con las Chivas.<\/p>\n<p>En la zaga, <strong>N\u00e9stor Araujo y Hugo Ayala<\/strong> ser\u00edan la pareja de centrales, mientras que <strong>Edson \u00c1lvarez<\/strong> ser\u00eda el lateral por derecha y <strong>Jes\u00fas Gallardo<\/strong> estar\u00eda por izquierda.<\/p>\n<p style=\"text-align: center;\"><span style=\"color: #333399;\"><a href=\"https:\/\/www.futboltotal.com.mx\/destacado-home\/juan-carlos-osorio-da-la-lista-del-tri-juego-vs-bosnia\/2018\/01\">VER M\u00c1S: <span class=\"item-title\">Juan Carlos Osorio lanza la lista del Tri para juego vs Bosnia<\/span><\/a><\/span><\/p>\n<p>En el mediocampo, el debut de <strong>Jonathan Gonz\u00e1lez<\/strong> podr\u00eda darse como el contenci\u00f3n fijo, como volante por derecha estar\u00eda <strong>Javier Aquino<\/strong> y por izquierda <strong>El\u00edas Hern\u00e1ndez<\/strong>.<\/p>\n<p>El tridente ofensivo ser\u00eda conformado por <strong>Rodolfo Pizarro<\/strong> por izquierda, <strong>Carlos Vela<\/strong> por derecha y <strong>Alan Pulido<\/strong> como el centro delantero.<\/p>\n<p style=\"text-align: center;\"><span style=\"color: #333399;\"><a href=\"https:\/\/www.futboltotal.com.mx\/futbol-mexicano\/las-sorpresas-en-la-lista-juan-carlos-osorio-tri\/2018\/01\">VER M\u00c1S: <span class=\"item-title\">Las sorpresas en la lista de Juan Carlos Osorio para el TRI<\/span><\/a><\/span><\/p>\n<p><strong>Para ti, \u00bfcu\u00e1l es tu once titular del Tri para el juego contra Bosnia?<\/strong><\/p>\n","protected":false},"excerpt":{"rendered":"<p>Algunas caras nuevas del Tri estar\u00edan desde el inicio en este juego amistoso<\/p>\n","protected":false},"author":160,"featured_media":515677,"comment_status":"closed","ping_status":"closed","sticky":false,"template":"","format":"standard","meta":[],"categories":[2198,3845,3847],"tags":[1607,1762,4537,65,6920],"_links":{"self":[{"href":"http:\/\/desarrollo.grupomedios.com\/futbol\/wp-json\/wp\/v2\/posts\/515676"}],"collection":[{"href":"http:\/\/desarrollo.grupomedios.com\/futbol\/wp-json\/wp\/v2\/posts"}],"about":[{"href":"http:\/\/desarrollo.grupomedios.com\/futbol\/wp-json\/wp\/v2\/types\/post"}],"author":[{"embeddable":true,"href":"http:\/\/desarrollo.grupomedios.com\/futbol\/wp-json\/wp\/v2\/users\/160"}],"replies":[{"embeddable":true,"href":"http:\/\/desarrollo.grupomedios.com\/futbol\/wp-json\/wp\/v2\/comments?post=515676"}],"version-history":[{"count":1,"href":"http:\/\/desarrollo.grupomedios.com\/futbol\/wp-json\/wp\/v2\/posts\/515676\/revisions"}],"predecessor-version":[{"id":515678,"href":"http:\/\/desarrollo.grupomedios.com\/futbol\/wp-json\/wp\/v2\/posts\/515676\/revisions\/515678"}],"wp:featuredmedia":[{"embeddable":true,"href":"http:\/\/desarrollo.grupomedios.com\/futbol\/wp-json\/wp\/v2\/media\/515677"}],"wp:attachment":[{"href":"http:\/\/desarrollo.grupomedios.com\/futbol\/wp-json\/wp\/v2\/media?parent=515676"}],"wp:term":[{"taxonomy":"category","embeddable":true,"href":"http:\/\/desarrollo.grupomedios.com\/futbol\/wp-json\/wp\/v2\/categories?post=515676"},{"taxonomy":"post_tag","embeddable":true,"href":"http:\/\/desarrollo.grupomedios.com\/futbol\/wp-json\/wp\/v2\/tags?post=515676"}],"curies":[{"name":"wp","href":"https:\/\/api.w.org\/{rel}","templated":true}]}}