{"id":515683,"date":"2018-01-25T14:42:37","date_gmt":"2018-01-25T20:42:37","guid":{"rendered":"https:\/\/www.futboltotal.com.mx\/?p=515683"},"modified":"2018-01-25T14:42:37","modified_gmt":"2018-01-25T20:42:37","slug":"adidas-presenta-nueva-coleccion-cold-blooded","status":"publish","type":"post","link":"http:\/\/desarrollo.grupomedios.com\/futbol\/futbol-internacional\/adidas-presenta-nueva-coleccion-cold-blooded\/2018\/01","title":{"rendered":"adidas presenta su nueva colecci\u00f3n Cold Blooded"},"content":{"rendered":"<p>adidas sorprendi\u00f3 y dio a conocer su nueva colecci\u00f3n\u00a0<b>Cold Blooded,\u00a0<\/b>la cual incluye tres dise\u00f1os nuevos, los cuales ser\u00e1n utilizados por futbolistas de la talla de Lionel Messi, Carlos Vela, Paul Pogba, adem\u00e1s que presentan tecnolog\u00eda de primer nivel;\u00a0<span lang=\"ES\">aseguran un m\u00e1ximo control de la superficie con la tecnolog\u00eda Purecut Laceless, adem\u00e1s de y adem\u00e1s tienen un Controlframe que\u00a0estabiliza el movimiento, adem\u00e1s de una<\/span><span lang=\"ES\">\u00a0nueva configuraci\u00f3n h\u00edbrida de punta con tachones amplifica la rotaci\u00f3n y la tracci\u00f3n.\u00a0<u><\/u><\/span><\/p>\n<p>Por otro lado, los\u00a0\u00a0<b>Cold Blooded Predator 18+\u00a0<\/b>que ser\u00e1n utilizados por estrellas de la talla de\u00a0Dele Alli, Mesut Ozil, Paul Pogba y Andr\u00e9s Guardado y tienen un dise\u00f1o especial para\u00a0expandirse de forma natural con la forma del pie, sobre todo en la parte del tal\u00f3n.<\/p>\n<p>Los <strong>NEMEZIZ 17+ 360 AGILITY<\/strong>\u00a0 est\u00e1n dise\u00f1ados para los jugadores m\u00e1s \u00e1giles, como Lionel Messi, Juli\u00e1n Draxler y Javier Hern\u00e1ndez, cuentan con la tecnolog\u00eda\u00a0 para mantener el pie seguro y entregar un m\u00e1ximo ajuste.<\/p>\n<p style=\"text-align: center;\"><a href=\"https:\/\/www.futboltotal.com.mx\/futbol-mexicano\/seleccion-mexicana\/faltan-porteros-mexicanos-en-la-liga-mx\/2018\/01\">VER M\u00c1S: \u00bfFaltan porteros mexicanos en la Liga MX?<\/a><\/p>\n<p>Finalmente l<span lang=\"ES\">os <strong>Cold Blooded X17+ 360 SPEED<\/strong> ser\u00e1n utilizados por los jugadores m\u00e1s letales, entre ellos Gareth Bale, Luis Su\u00e1rez y Carlos Vela, que con la tecnolog\u00eda les entrega a los jugadores niveles de control inigualables, fueron realizados para la velocidad.<\/span><\/p>\n<p><img decoding=\"async\" loading=\"lazy\" class=\"aligncenter size-full wp-image-515687\" src=\"https:\/\/www.futboltotal.com.mx\/wp-content\/uploads\/2018\/01\/adidas-1.jpg\" alt=\"adidas presenta su nueva colecci\u00f3n Cold Blooded 0\" srcset=\"http:\/\/desarrollo.grupomedios.com\/futbol\/wp-content\/uploads\/2018\/01\/adidas-1.jpg 800w, http:\/\/desarrollo.grupomedios.com\/futbol\/wp-content\/uploads\/2018\/01\/adidas-1-300x170.jpg 300w, http:\/\/desarrollo.grupomedios.com\/futbol\/wp-content\/uploads\/2018\/01\/adidas-1-768x434.jpg 768w, http:\/\/desarrollo.grupomedios.com\/futbol\/wp-content\/uploads\/2018\/01\/adidas-1-393x221.jpg 393w\" sizes=\"(max-width: 800px) 100vw, 800px\" \/> <img decoding=\"async\" loading=\"lazy\" class=\"aligncenter size-full wp-image-515688\" src=\"https:\/\/www.futboltotal.com.mx\/wp-content\/uploads\/2018\/01\/adidas-2.jpg\" alt=\"adidas presenta su nueva colecci\u00f3n Cold Blooded 1\" srcset=\"http:\/\/desarrollo.grupomedios.com\/futbol\/wp-content\/uploads\/2018\/01\/adidas-2.jpg 480w, http:\/\/desarrollo.grupomedios.com\/futbol\/wp-content\/uploads\/2018\/01\/adidas-2-169x300.jpg 169w\" sizes=\"(max-width: 480px) 100vw, 480px\" \/> <img decoding=\"async\" loading=\"lazy\" class=\"aligncenter size-full wp-image-515689\" src=\"https:\/\/www.futboltotal.com.mx\/wp-content\/uploads\/2018\/01\/adidas-3.jpg\" alt=\"adidas presenta su nueva colecci\u00f3n Cold Blooded 2\" srcset=\"http:\/\/desarrollo.grupomedios.com\/futbol\/wp-content\/uploads\/2018\/01\/adidas-3.jpg 480w, http:\/\/desarrollo.grupomedios.com\/futbol\/wp-content\/uploads\/2018\/01\/adidas-3-169x300.jpg 169w\" sizes=\"(max-width: 480px) 100vw, 480px\" \/> <img decoding=\"async\" loading=\"lazy\" class=\"aligncenter size-full wp-image-515690\" src=\"https:\/\/www.futboltotal.com.mx\/wp-content\/uploads\/2018\/01\/adidas-4.jpg\" alt=\"adidas presenta su nueva colecci\u00f3n Cold Blooded 3\" srcset=\"http:\/\/desarrollo.grupomedios.com\/futbol\/wp-content\/uploads\/2018\/01\/adidas-4.jpg 480w, http:\/\/desarrollo.grupomedios.com\/futbol\/wp-content\/uploads\/2018\/01\/adidas-4-169x300.jpg 169w\" sizes=\"(max-width: 480px) 100vw, 480px\" \/> <img decoding=\"async\" loading=\"lazy\" class=\"aligncenter size-full wp-image-515691\" src=\"https:\/\/www.futboltotal.com.mx\/wp-content\/uploads\/2018\/01\/adidas-5.jpg\" alt=\"adidas presenta su nueva colecci\u00f3n Cold Blooded 4\" srcset=\"http:\/\/desarrollo.grupomedios.com\/futbol\/wp-content\/uploads\/2018\/01\/adidas-5.jpg 480w, http:\/\/desarrollo.grupomedios.com\/futbol\/wp-content\/uploads\/2018\/01\/adidas-5-169x300.jpg 169w\" sizes=\"(max-width: 480px) 100vw, 480px\" \/> <img decoding=\"async\" loading=\"lazy\" class=\"aligncenter size-full wp-image-515692\" src=\"https:\/\/www.futboltotal.com.mx\/wp-content\/uploads\/2018\/01\/adidas-6.jpg\" alt=\"adidas presenta su nueva colecci\u00f3n Cold Blooded 5\" srcset=\"http:\/\/desarrollo.grupomedios.com\/futbol\/wp-content\/uploads\/2018\/01\/adidas-6.jpg 480w, http:\/\/desarrollo.grupomedios.com\/futbol\/wp-content\/uploads\/2018\/01\/adidas-6-169x300.jpg 169w\" sizes=\"(max-width: 480px) 100vw, 480px\" \/> <img decoding=\"async\" loading=\"lazy\" class=\"aligncenter size-full wp-image-515693\" src=\"https:\/\/www.futboltotal.com.mx\/wp-content\/uploads\/2018\/01\/adidas-7.jpg\" alt=\"adidas presenta su nueva colecci\u00f3n Cold Blooded 6\" srcset=\"http:\/\/desarrollo.grupomedios.com\/futbol\/wp-content\/uploads\/2018\/01\/adidas-7.jpg 480w, http:\/\/desarrollo.grupomedios.com\/futbol\/wp-content\/uploads\/2018\/01\/adidas-7-169x300.jpg 169w\" sizes=\"(max-width: 480px) 100vw, 480px\" \/> <img decoding=\"async\" loading=\"lazy\" class=\"aligncenter size-full wp-image-515694\" src=\"https:\/\/www.futboltotal.com.mx\/wp-content\/uploads\/2018\/01\/adidas-8.jpg\" alt=\"adidas presenta su nueva colecci\u00f3n Cold Blooded 7\" srcset=\"http:\/\/desarrollo.grupomedios.com\/futbol\/wp-content\/uploads\/2018\/01\/adidas-8.jpg 800w, http:\/\/desarrollo.grupomedios.com\/futbol\/wp-content\/uploads\/2018\/01\/adidas-8-300x170.jpg 300w, http:\/\/desarrollo.grupomedios.com\/futbol\/wp-content\/uploads\/2018\/01\/adidas-8-768x434.jpg 768w, http:\/\/desarrollo.grupomedios.com\/futbol\/wp-content\/uploads\/2018\/01\/adidas-8-393x221.jpg 393w\" sizes=\"(max-width: 800px) 100vw, 800px\" \/> <img decoding=\"async\" loading=\"lazy\" class=\"aligncenter size-full wp-image-515695\" src=\"https:\/\/www.futboltotal.com.mx\/wp-content\/uploads\/2018\/01\/adidas-9.jpg\" alt=\"adidas presenta su nueva colecci\u00f3n Cold Blooded 8\" srcset=\"http:\/\/desarrollo.grupomedios.com\/futbol\/wp-content\/uploads\/2018\/01\/adidas-9.jpg 480w, http:\/\/desarrollo.grupomedios.com\/futbol\/wp-content\/uploads\/2018\/01\/adidas-9-169x300.jpg 169w\" sizes=\"(max-width: 480px) 100vw, 480px\" \/> <img decoding=\"async\" loading=\"lazy\" class=\"aligncenter size-full wp-image-515696\" src=\"https:\/\/www.futboltotal.com.mx\/wp-content\/uploads\/2018\/01\/adidas-10.jpg\" alt=\"adidas presenta su nueva colecci\u00f3n Cold Blooded 9\" srcset=\"http:\/\/desarrollo.grupomedios.com\/futbol\/wp-content\/uploads\/2018\/01\/adidas-10.jpg 800w, http:\/\/desarrollo.grupomedios.com\/futbol\/wp-content\/uploads\/2018\/01\/adidas-10-300x170.jpg 300w, http:\/\/desarrollo.grupomedios.com\/futbol\/wp-content\/uploads\/2018\/01\/adidas-10-768x434.jpg 768w, http:\/\/desarrollo.grupomedios.com\/futbol\/wp-content\/uploads\/2018\/01\/adidas-10-393x221.jpg 393w\" sizes=\"(max-width: 800px) 100vw, 800px\" \/> <img decoding=\"async\" loading=\"lazy\" class=\"aligncenter size-full wp-image-515697\" src=\"https:\/\/www.futboltotal.com.mx\/wp-content\/uploads\/2018\/01\/adidas-11.jpg\" alt=\"adidas presenta su nueva colecci\u00f3n Cold Blooded 10\" srcset=\"http:\/\/desarrollo.grupomedios.com\/futbol\/wp-content\/uploads\/2018\/01\/adidas-11.jpg 480w, http:\/\/desarrollo.grupomedios.com\/futbol\/wp-content\/uploads\/2018\/01\/adidas-11-169x300.jpg 169w\" sizes=\"(max-width: 480px) 100vw, 480px\" \/><\/p>\n<p style=\"text-align: center;\"><a href=\"https:\/\/www.futboltotal.com.mx\/futbol-mexicano\/seleccion-mexicana\/mexicanos-sin-minutos-en-europa-la-preocupacion-del-tri\/2018\/01\">VER M\u00c1S: Mexicanos sin minutos en Europa, la preocupaci\u00f3n del Tri<\/a><\/p>\n","protected":false},"excerpt":{"rendered":"<p>La marca alemana se visti\u00f3 de lujo con los mejores futbolistas del orbe y present\u00f3 nuevos botines<\/p>\n","protected":false},"author":159,"featured_media":515698,"comment_status":"closed","ping_status":"closed","sticky":false,"template":"","format":"standard","meta":[],"categories":[7570,3839],"tags":[1560,11653],"_links":{"self":[{"href":"http:\/\/desarrollo.grupomedios.com\/futbol\/wp-json\/wp\/v2\/posts\/515683"}],"collection":[{"href":"http:\/\/desarrollo.grupomedios.com\/futbol\/wp-json\/wp\/v2\/posts"}],"about":[{"href":"http:\/\/desarrollo.grupomedios.com\/futbol\/wp-json\/wp\/v2\/types\/post"}],"author":[{"embeddable":true,"href":"http:\/\/desarrollo.grupomedios.com\/futbol\/wp-json\/wp\/v2\/users\/159"}],"replies":[{"embeddable":true,"href":"http:\/\/desarrollo.grupomedios.com\/futbol\/wp-json\/wp\/v2\/comments?post=515683"}],"version-history":[{"count":1,"href":"http:\/\/desarrollo.grupomedios.com\/futbol\/wp-json\/wp\/v2\/posts\/515683\/revisions"}],"predecessor-version":[{"id":515699,"href":"http:\/\/desarrollo.grupomedios.com\/futbol\/wp-json\/wp\/v2\/posts\/515683\/revisions\/515699"}],"wp:featuredmedia":[{"embeddable":true,"href":"http:\/\/desarrollo.grupomedios.com\/futbol\/wp-json\/wp\/v2\/media\/515698"}],"wp:attachment":[{"href":"http:\/\/desarrollo.grupomedios.com\/futbol\/wp-json\/wp\/v2\/media?parent=515683"}],"wp:term":[{"taxonomy":"category","embeddable":true,"href":"http:\/\/desarrollo.grupomedios.com\/futbol\/wp-json\/wp\/v2\/categories?post=515683"},{"taxonomy":"post_tag","embeddable":true,"href":"http:\/\/desarrollo.grupomedios.com\/futbol\/wp-json\/wp\/v2\/tags?post=515683"}],"curies":[{"name":"wp","href":"https:\/\/api.w.org\/{rel}","templated":true}]}}