{"id":515714,"date":"2018-01-25T16:29:46","date_gmt":"2018-01-25T22:29:46","guid":{"rendered":"https:\/\/www.futboltotal.com.mx\/?p=515714"},"modified":"2018-01-25T16:29:46","modified_gmt":"2018-01-25T22:29:46","slug":"barcelona-2-0-espanyol-resumen-copa-del-rey-2018","status":"publish","type":"post","link":"http:\/\/desarrollo.grupomedios.com\/futbol\/destacado-home\/barcelona-2-0-espanyol-resumen-copa-del-rey-2018\/2018\/01","title":{"rendered":"Barcelona tramita su pase a Semifinales ante el Espanyol"},"content":{"rendered":"<p>El <strong>Barcelona<\/strong> super\u00f3 al <strong>Espanyol<\/strong> (2-0) y remont\u00f3 el 1-0 en contra que arrastraba del partido de ida para firmar, en el <strong>Camp Nou<\/strong>, el pase a las semifinales de la <strong>Copa del Rey.<\/strong><\/p>\n<p>El vigente campe\u00f3n de la competici\u00f3n tuvo suficiente con los goles de <strong>Luis Su\u00e1rez<\/strong> (min.9) y <strong>Leo Messi<\/strong> (min.25) en el primer tiempo para eliminar al conjunto blanquiazul, en un encuentro que domin\u00f3 de principio a fin.<\/p>\n<p style=\"text-align: center;\"><span style=\"color: #3366ff;\"><a href=\"https:\/\/www.futboltotal.com.mx\/futbol-internacional\/novia-portero-del-psg-acusa-falta-sexo\/2018\/01\">VER M\u00c1S: Novia de portero del PSG acusa \u201cfalta de sexo\u201d<\/a><\/span><\/p>\n<p><iframe loading=\"lazy\" src=\"https:\/\/www.youtube.com\/embed\/JrjJsS_weJQ?feature=oembed\" frameborder=\"0\" allow=\"autoplay; encrypted-media\" allowfullscreen><\/iframe><\/p>\n<p>Los asistentes al Camp Nou pudieron disfrutar de el debut del brasile\u00f1o Philippe Coutinho como nuevo jugador de los azulgranas, pues el exjugador del Liverpool ingres\u00f3 al minuto 68&#8242;.<\/p>\n<p><img decoding=\"async\" loading=\"lazy\" class=\"alignnone size-full wp-image-515724\" src=\"https:\/\/www.futboltotal.com.mx\/wp-content\/uploads\/2018\/01\/coutinho-debut-barcelona.jpg\" alt=\"Barcelona tramita su pase a Semifinales ante el Espanyol 0\" srcset=\"http:\/\/desarrollo.grupomedios.com\/futbol\/wp-content\/uploads\/2018\/01\/coutinho-debut-barcelona.jpg 1136w, http:\/\/desarrollo.grupomedios.com\/futbol\/wp-content\/uploads\/2018\/01\/coutinho-debut-barcelona-300x169.jpg 300w, http:\/\/desarrollo.grupomedios.com\/futbol\/wp-content\/uploads\/2018\/01\/coutinho-debut-barcelona-768x432.jpg 768w, http:\/\/desarrollo.grupomedios.com\/futbol\/wp-content\/uploads\/2018\/01\/coutinho-debut-barcelona-1024x576.jpg 1024w, http:\/\/desarrollo.grupomedios.com\/futbol\/wp-content\/uploads\/2018\/01\/coutinho-debut-barcelona-393x221.jpg 393w\" sizes=\"(max-width: 1136px) 100vw, 1136px\" \/><\/p>\n<blockquote class=\"twitter-tweet\" data-data-dnt=\"true\">\n<p lang=\"es\" dir=\"ltr\">\ud83d\udd03 Minuto 68: Primeros minutos de <a href=\"https:\/\/twitter.com\/Phil_Coutinho?ref_src=twsrc%5Etfw\">@Phil_Coutinho<\/a> como azulgrana \ud83d\udd34\ud83d\udd35\ud83d\udc4f <br \/>\ud83d\udd3a Sale A. Iniesta<br \/>\ud83d\udd3b Entra Coutinho <a href=\"https:\/\/t.co\/IqwpEsfiWS\">https:\/\/t.co\/IqwpEsfiWS<\/a><\/p>\n<p>&mdash; FC Barcelona (@FCBarcelona_es) <a href=\"https:\/\/twitter.com\/FCBarcelona_es\/status\/956647277531189252?ref_src=twsrc%5Etfw\">January 25, 2018<\/a><\/p><\/blockquote>\n<p><script async src=\"https:\/\/platform.twitter.com\/widgets.js\" charset=\"utf-8\"><\/script><\/p>\n","protected":false},"excerpt":{"rendered":"<p>Philippe Coutinho ya debut\u00f3 con los Blaugranas.<\/p>\n","protected":false},"author":129,"featured_media":515718,"comment_status":"closed","ping_status":"closed","sticky":false,"template":"","format":"standard","meta":[],"categories":[5,3839],"tags":[5984,11642,67,6214,11655],"_links":{"self":[{"href":"http:\/\/desarrollo.grupomedios.com\/futbol\/wp-json\/wp\/v2\/posts\/515714"}],"collection":[{"href":"http:\/\/desarrollo.grupomedios.com\/futbol\/wp-json\/wp\/v2\/posts"}],"about":[{"href":"http:\/\/desarrollo.grupomedios.com\/futbol\/wp-json\/wp\/v2\/types\/post"}],"author":[{"embeddable":true,"href":"http:\/\/desarrollo.grupomedios.com\/futbol\/wp-json\/wp\/v2\/users\/129"}],"replies":[{"embeddable":true,"href":"http:\/\/desarrollo.grupomedios.com\/futbol\/wp-json\/wp\/v2\/comments?post=515714"}],"version-history":[{"count":1,"href":"http:\/\/desarrollo.grupomedios.com\/futbol\/wp-json\/wp\/v2\/posts\/515714\/revisions"}],"predecessor-version":[{"id":515727,"href":"http:\/\/desarrollo.grupomedios.com\/futbol\/wp-json\/wp\/v2\/posts\/515714\/revisions\/515727"}],"wp:featuredmedia":[{"embeddable":true,"href":"http:\/\/desarrollo.grupomedios.com\/futbol\/wp-json\/wp\/v2\/media\/515718"}],"wp:attachment":[{"href":"http:\/\/desarrollo.grupomedios.com\/futbol\/wp-json\/wp\/v2\/media?parent=515714"}],"wp:term":[{"taxonomy":"category","embeddable":true,"href":"http:\/\/desarrollo.grupomedios.com\/futbol\/wp-json\/wp\/v2\/categories?post=515714"},{"taxonomy":"post_tag","embeddable":true,"href":"http:\/\/desarrollo.grupomedios.com\/futbol\/wp-json\/wp\/v2\/tags?post=515714"}],"curies":[{"name":"wp","href":"https:\/\/api.w.org\/{rel}","templated":true}]}}