{"id":515726,"date":"2018-01-25T17:02:01","date_gmt":"2018-01-25T23:02:01","guid":{"rendered":"https:\/\/www.futboltotal.com.mx\/?p=515726"},"modified":"2018-01-25T17:02:01","modified_gmt":"2018-01-25T23:02:01","slug":"america-tendria-baja-en-la-delantera-resto-del-clausura-2018","status":"publish","type":"post","link":"http:\/\/desarrollo.grupomedios.com\/futbol\/futbol-mexicano\/america-tendria-baja-en-la-delantera-resto-del-clausura-2018\/2018\/01","title":{"rendered":"Am\u00e9rica tendr\u00eda baja en la delantera para el resto del Clausura 2018"},"content":{"rendered":"<p>Las <strong>\u00c1guilas del Am\u00e9rica<\/strong> tendr\u00edan la baja de <strong>Silvio Romero<\/strong>, ya que se dar\u00eda un acuerdo con el club argentino Independiente, por el traspaso del futbolista argentino.<\/p>\n<p>El diario <em>Record<\/em> dio a conocer que las negociaciones entre Am\u00e9rica e <strong>Independiente<\/strong> est\u00e1n muy avanzadas, y en el transcurso de las siguientes horas podr\u00eda completarse el fichaje del delantero azulcrema.<\/p>\n<p style=\"text-align: center;\"><span style=\"color: #333399;\"><a href=\"https:\/\/www.futboltotal.com.mx\/destacado-home\/ruben-omar-romano-nuevo-dt-del-atlas\/2018\/01\">VER M\u00c1S &#8211; <span class=\"item-title\">OFICIAL: Rub\u00e9n Omar Romano es nuevo DT del Atlas<\/span><\/a><\/span><\/p>\n<p>El acuerdo entre las \u00c1guilas y el Independiente ser\u00eda que los argentinos <strong>comprar\u00edan el 70% de la carta<\/strong> de Silvio Romero, con lo que se dejar\u00eda de lado la opci\u00f3n de emigrar con River Plate.<\/p>\n<p>El &#8216;Chino&#8217; ya no era del agrado de Miguel Herrera, quien ya contempla antes de \u00e9l a <strong>Oribe Peralta, Henry Mart\u00edn, J\u00e9r\u00e9my M\u00e9nez<\/strong> y el mismo Andr\u00e9s Ibarg\u00fcen.<\/p>\n","protected":false},"excerpt":{"rendered":"<p>El delantero sudamericano regresar\u00eda al futbol de su pa\u00eds<\/p>\n","protected":false},"author":160,"featured_media":515737,"comment_status":"closed","ping_status":"closed","sticky":false,"template":"","format":"standard","meta":[],"categories":[2198,3845],"tags":[5959,169,6803],"_links":{"self":[{"href":"http:\/\/desarrollo.grupomedios.com\/futbol\/wp-json\/wp\/v2\/posts\/515726"}],"collection":[{"href":"http:\/\/desarrollo.grupomedios.com\/futbol\/wp-json\/wp\/v2\/posts"}],"about":[{"href":"http:\/\/desarrollo.grupomedios.com\/futbol\/wp-json\/wp\/v2\/types\/post"}],"author":[{"embeddable":true,"href":"http:\/\/desarrollo.grupomedios.com\/futbol\/wp-json\/wp\/v2\/users\/160"}],"replies":[{"embeddable":true,"href":"http:\/\/desarrollo.grupomedios.com\/futbol\/wp-json\/wp\/v2\/comments?post=515726"}],"version-history":[{"count":1,"href":"http:\/\/desarrollo.grupomedios.com\/futbol\/wp-json\/wp\/v2\/posts\/515726\/revisions"}],"predecessor-version":[{"id":515738,"href":"http:\/\/desarrollo.grupomedios.com\/futbol\/wp-json\/wp\/v2\/posts\/515726\/revisions\/515738"}],"wp:featuredmedia":[{"embeddable":true,"href":"http:\/\/desarrollo.grupomedios.com\/futbol\/wp-json\/wp\/v2\/media\/515737"}],"wp:attachment":[{"href":"http:\/\/desarrollo.grupomedios.com\/futbol\/wp-json\/wp\/v2\/media?parent=515726"}],"wp:term":[{"taxonomy":"category","embeddable":true,"href":"http:\/\/desarrollo.grupomedios.com\/futbol\/wp-json\/wp\/v2\/categories?post=515726"},{"taxonomy":"post_tag","embeddable":true,"href":"http:\/\/desarrollo.grupomedios.com\/futbol\/wp-json\/wp\/v2\/tags?post=515726"}],"curies":[{"name":"wp","href":"https:\/\/api.w.org\/{rel}","templated":true}]}}