{"id":515756,"date":"2018-01-26T08:36:50","date_gmt":"2018-01-26T14:36:50","guid":{"rendered":"https:\/\/www.futboltotal.com.mx\/?p=515756"},"modified":"2018-01-26T08:37:45","modified_gmt":"2018-01-26T14:37:45","slug":"miguel-layun-firmara-betis-este-lunes","status":"publish","type":"post","link":"http:\/\/desarrollo.grupomedios.com\/futbol\/destacado-home\/miguel-layun-firmara-betis-este-lunes\/2018\/01","title":{"rendered":"Miguel Lay\u00fan firmar\u00e1 con el Betis este lunes"},"content":{"rendered":"<p>Los rumores cada vez se hacen\u00a0 m\u00e1s latentes y la llegada del lateral mexicano, <strong>Miguel Lay\u00fan<\/strong> al <strong>Real Betis<\/strong> as\u00ed lo ha se\u00f1alado la prensa de Sevilla que indica ser\u00e1 el pr\u00f3ximo lunes cuando el futbolista cerrar\u00e1 su traspaso al club donde compartir\u00eda el terreno de juego con su compatriota <strong><a href=\"https:\/\/www.futboltotal.com.mx\/futbol-internacional\/liga-de-espana\/hijo-andres-guardado-conocio-a-idolo-leo-messi\/2018\/01\" target=\"_blank\" rel=\"noopener\">Andr\u00e9s Guardado<\/a>.<\/strong><\/p>\n<p>Diversos medios en Espa\u00f1a ya est\u00e1n dando como un hecho el traspaso del futbolista mexicano, quien se estar\u00eda convirtiendo en la primera incorporaci\u00f3n para los verdiblancos en este mercado de invierno.\u00a0<strong>Nacho Vento, del\u00a0CanalSur<\/strong>, <mark>se\u00f1ala que la llegada del lateral es inminente, pues el<strong> Porto<\/strong> tendr\u00e1 que ceder ante la insistencia del mexicano.<\/mark><\/p>\n<blockquote class=\"twitter-tweet\" data-lang=\"es\">\n<p dir=\"ltr\" lang=\"es\">Miguel Lay\u00fan estar\u00e1 el lunes en Sevilla para cerrar su cesi\u00f3n. El Oporto tiene que ceder ante la petici\u00f3n del jugador- Ya coment\u00e9 que no rectificaba nada. Anunciado en <a href=\"https:\/\/twitter.com\/jugadasevilla?ref_src=twsrc%5Etfw\">@jugadasevilla<\/a> <a href=\"https:\/\/twitter.com\/CanalSurRadio?ref_src=twsrc%5Etfw\">@CanalSurRadio<\/a><\/p>\n<p>\u2014 NachoVento (@VentoNacho) <a href=\"https:\/\/twitter.com\/VentoNacho\/status\/956860062718291969?ref_src=twsrc%5Etfw\">26 de enero de 2018<\/a><\/p><\/blockquote>\n<p><script async src=\"https:\/\/platform.twitter.com\/widgets.js\" charset=\"utf-8\"><\/script><\/p>\n<p style=\"text-align: center;\"><a href=\"https:\/\/www.futboltotal.com.mx\/futbol-mexicano\/seleccion-mexicana\/los-duelos-amistoso-sostendra-tri-previo-a-rusia\/2018\/01\">VER M\u00c1S: Los duelos amistoso que sostendr\u00e1 el Tri previo a Rusia<\/a><\/p>\n<p>El entrenador del Betis,<mark><strong> Quique Seti\u00e9n\u00a0<\/strong>ha respaldado el fichaje de Lay\u00fan<\/mark>, pues el hecho que tenga la posibilidad de desempe\u00f1arse en varias partes del terreno de juego lo ve como un plus y necesita comenzar a sumar puntos en esta segunda parte de la temporada si es que desea puestos europeos, al momento se encuentran en la posici\u00f3n once de la tabla general en <strong>LaLiga<\/strong>.<\/p>\n<p>El lateral mexicano se ha mostrado a disgusto con el Porto, pues no ha logrado tener minutos con el\u00a0estratega\u00a0<strong>Sergio Conceicao\u00a0<\/strong>mismo que le estar\u00eda impidiendo llegar en forma a la <strong>Copa del Mundo de Rusia 2018.<\/strong><\/p>\n<p style=\"text-align: center;\"><a href=\"https:\/\/www.futboltotal.com.mx\/futbol-internacional\/jeronimo-amione-iria-a-mundial-y-no-con-mexico\/2018\/01\">VER M\u00c1S: Jer\u00f3nimo Amione ir\u00eda a un Mundial y no con M\u00e9xico<\/a><\/p>\n<p>&nbsp;<\/p>\n","protected":false},"excerpt":{"rendered":"<p>El lateral mexicano est\u00e1 muy cerca de tener minutos de cara a la Copa del Mundo <\/p>\n","protected":false},"author":159,"featured_media":515757,"comment_status":"closed","ping_status":"closed","sticky":false,"template":"","format":"standard","meta":[],"categories":[5,3839,3844],"tags":[6046,6114,1035,1208,1192],"_links":{"self":[{"href":"http:\/\/desarrollo.grupomedios.com\/futbol\/wp-json\/wp\/v2\/posts\/515756"}],"collection":[{"href":"http:\/\/desarrollo.grupomedios.com\/futbol\/wp-json\/wp\/v2\/posts"}],"about":[{"href":"http:\/\/desarrollo.grupomedios.com\/futbol\/wp-json\/wp\/v2\/types\/post"}],"author":[{"embeddable":true,"href":"http:\/\/desarrollo.grupomedios.com\/futbol\/wp-json\/wp\/v2\/users\/159"}],"replies":[{"embeddable":true,"href":"http:\/\/desarrollo.grupomedios.com\/futbol\/wp-json\/wp\/v2\/comments?post=515756"}],"version-history":[{"count":2,"href":"http:\/\/desarrollo.grupomedios.com\/futbol\/wp-json\/wp\/v2\/posts\/515756\/revisions"}],"predecessor-version":[{"id":515759,"href":"http:\/\/desarrollo.grupomedios.com\/futbol\/wp-json\/wp\/v2\/posts\/515756\/revisions\/515759"}],"wp:featuredmedia":[{"embeddable":true,"href":"http:\/\/desarrollo.grupomedios.com\/futbol\/wp-json\/wp\/v2\/media\/515757"}],"wp:attachment":[{"href":"http:\/\/desarrollo.grupomedios.com\/futbol\/wp-json\/wp\/v2\/media?parent=515756"}],"wp:term":[{"taxonomy":"category","embeddable":true,"href":"http:\/\/desarrollo.grupomedios.com\/futbol\/wp-json\/wp\/v2\/categories?post=515756"},{"taxonomy":"post_tag","embeddable":true,"href":"http:\/\/desarrollo.grupomedios.com\/futbol\/wp-json\/wp\/v2\/tags?post=515756"}],"curies":[{"name":"wp","href":"https:\/\/api.w.org\/{rel}","templated":true}]}}