{"id":515760,"date":"2018-01-26T09:02:23","date_gmt":"2018-01-26T15:02:23","guid":{"rendered":"https:\/\/www.futboltotal.com.mx\/?p=515760"},"modified":"2018-01-26T09:02:23","modified_gmt":"2018-01-26T15:02:23","slug":"besiktas-le-cierra-las-puertas-a-chicharito","status":"publish","type":"post","link":"http:\/\/desarrollo.grupomedios.com\/futbol\/futbol-internacional\/besiktas-le-cierra-las-puertas-a-chicharito\/2018\/01","title":{"rendered":"\u00bfBesiktas le cierra las puertas a Chicharito?"},"content":{"rendered":"<p><strong>Javier &#8216;Chicharito&#8217; Hern\u00e1ndez<\/strong> parece tener las puertas cerradas del<strong> Besiktas<\/strong> luego que el cuadro turco concretara el traspaso del veterano delantero brasile\u00f1o\u00a0<strong>Vagner Love,\u00a0<\/strong>con el que todo parece indicar que el puesto est\u00e1 ocupado y el ariete mexicano tendr\u00e1 que esperar para saber su destino, en caso que se de su salida del <strong>West Ham United.<\/strong><\/p>\n<p>El delantero de 33 a\u00f1os llega procedente del\u00a0\u00a0<strong>Alanyaspor\u00a0<\/strong>y llega con\u00a0 una buena primera mitad de temporada marcando 10 goles en 14 partidos, a diferencia de los 5 goles que tiene el delantero mexicano; de igual forma han elegido al carioca para ocupar el espacio que ha dejado\u00a0<strong>Cenk Tosun\u00a0<\/strong>quien se march\u00f3 al <strong>Everton<\/strong>.<\/p>\n<p>Chicharito parec\u00eda llevar la punta para ocupar esa posici\u00f3n en el equipo turco, sin embargo esto acaba de desvanecerse pues no se espera que el conjunto turco logre llevar a otro delantero a su entidad. Esta puerta se ha cerrado para el delantero azteca, por lo que ahora deber\u00e1 esperar para saber qu\u00e9 pasar\u00e1 con \u00e9l.<\/p>\n<p style=\"text-align: center;\"><a href=\"https:\/\/www.futboltotal.com.mx\/futbol-internacional\/liga-de-espana\/miguel-layun-firmara-betis-este-lunes\/2018\/01\">VER M\u00c1S: Miguel Lay\u00fan firmar\u00e1 con el Betis este lunes<\/a><\/p>\n<h3>Sus posibles destinos<\/h3>\n<p>El mexicano tiene <a href=\"https:\/\/www.futboltotal.com.mx\/futbol-internacional\/liga-de-inglaterra\/chicharito-es-ofrecido-al-atletico-madrid\/2018\/01\" target=\"_blank\" rel=\"noopener\">la posibilidad de recalar en el futbol de Espa\u00f1a<\/a>, donde su agente ya lo ha promovido y advierte que tiene la atenci\u00f3n de varios equipos que se encuentran peleando por puestos de <strong>Championes League<\/strong>, por otro lado podr\u00eda quedarse en el West Ham United hasta el final de temporada. De igual forma <a href=\"https:\/\/www.futboltotal.com.mx\/futbol-internacional\/liga-de-inglaterra\/inter-milan-nuevo-pretendiente-chicharito\/2018\/01\" target=\"_blank\" rel=\"noopener\">ha sonado para el <strong>Inter de Milan<\/strong><\/a><strong>,<\/strong> pero la idea no agrada al mexicano, pues ser\u00eda suplente de Mauro Icardi.<\/p>\n<p>Las lesiones de\u00a0<strong>Andy Carroll,\u00a0Marko Arnautovic y Manuel Lanzini\u00a0<\/strong>le han abierto la oportunidad al delantero azteca de jugar en el cuadro de David Moyes y de igual manera le dar\u00eda la titularidad de forma prolongada. Este s\u00e1bado ante el Wigam en la FA Cup se espera que ocupe el ataque junto al\u00a0juvenil espa\u00f1ol\u00a0<strong>Toni Mart\u00ednez.<\/strong><\/p>\n<p style=\"text-align: center;\"><a href=\"https:\/\/www.futboltotal.com.mx\/futbol-mexicano\/seleccion-mexicana\/faltan-porteros-mexicanos-en-la-liga-mx\/2018\/01\">VER M\u00c1S: \u00bfFaltan porteros mexicanos en la Liga MX?<\/a><\/p>\n<p>&nbsp;<\/p>\n<p>&nbsp;<\/p>\n","protected":false},"excerpt":{"rendered":"<p>El mexicano se encuentra viviendo una aut\u00e9ntica novela con su futuro<\/p>\n","protected":false},"author":159,"featured_media":515761,"comment_status":"closed","ping_status":"closed","sticky":false,"template":"","format":"standard","meta":[],"categories":[3839,3846],"tags":[5773,120,5985,334,3901],"_links":{"self":[{"href":"http:\/\/desarrollo.grupomedios.com\/futbol\/wp-json\/wp\/v2\/posts\/515760"}],"collection":[{"href":"http:\/\/desarrollo.grupomedios.com\/futbol\/wp-json\/wp\/v2\/posts"}],"about":[{"href":"http:\/\/desarrollo.grupomedios.com\/futbol\/wp-json\/wp\/v2\/types\/post"}],"author":[{"embeddable":true,"href":"http:\/\/desarrollo.grupomedios.com\/futbol\/wp-json\/wp\/v2\/users\/159"}],"replies":[{"embeddable":true,"href":"http:\/\/desarrollo.grupomedios.com\/futbol\/wp-json\/wp\/v2\/comments?post=515760"}],"version-history":[{"count":1,"href":"http:\/\/desarrollo.grupomedios.com\/futbol\/wp-json\/wp\/v2\/posts\/515760\/revisions"}],"predecessor-version":[{"id":515762,"href":"http:\/\/desarrollo.grupomedios.com\/futbol\/wp-json\/wp\/v2\/posts\/515760\/revisions\/515762"}],"wp:featuredmedia":[{"embeddable":true,"href":"http:\/\/desarrollo.grupomedios.com\/futbol\/wp-json\/wp\/v2\/media\/515761"}],"wp:attachment":[{"href":"http:\/\/desarrollo.grupomedios.com\/futbol\/wp-json\/wp\/v2\/media?parent=515760"}],"wp:term":[{"taxonomy":"category","embeddable":true,"href":"http:\/\/desarrollo.grupomedios.com\/futbol\/wp-json\/wp\/v2\/categories?post=515760"},{"taxonomy":"post_tag","embeddable":true,"href":"http:\/\/desarrollo.grupomedios.com\/futbol\/wp-json\/wp\/v2\/tags?post=515760"}],"curies":[{"name":"wp","href":"https:\/\/api.w.org\/{rel}","templated":true}]}}