{"id":515763,"date":"2018-01-26T09:25:38","date_gmt":"2018-01-26T15:25:38","guid":{"rendered":"https:\/\/www.futboltotal.com.mx\/?p=515763"},"modified":"2018-01-26T09:25:38","modified_gmt":"2018-01-26T15:25:38","slug":"andre-pierre-gignac-pensaria-en-un-futuro-lejos-tigres-uanl","status":"publish","type":"post","link":"http:\/\/desarrollo.grupomedios.com\/futbol\/destacado-home\/andre-pierre-gignac-pensaria-en-un-futuro-lejos-tigres-uanl\/2018\/01","title":{"rendered":"Andr\u00e9-Pierre Gignac pensar\u00eda en un futuro lejos de Tigres"},"content":{"rendered":"<p>El peso que ha tenido el delantero franc\u00e9s,\u00a0<strong>Andr\u00e9-Pierre Gignac<\/strong>, en<strong> Tigres UANL<\/strong> y la <a href=\"https:\/\/www.futboltotal.com.mx\/futbol-mexicano\/seleccion-mexicana\/faltan-porteros-mexicanos-en-la-liga-mx\/2018\/01\" target=\"_blank\" rel=\"noopener\"><strong>Liga MX<\/strong><\/a> es indudable por lo que su salida de igual manera ser\u00eda todo un suceso en el balompi\u00e9 azteca, por lo que los Felinos deben estar atentos pues el atacante estar\u00eda meditando un futuro lejos del cuadro de Nuevo Le\u00f3n.<\/p>\n<p>De todos es sabido que el delantero galo llama la atenci\u00f3n a equipos del <strong>Viejo Continente<\/strong>, algo que sumado a su edad (<strong>32 a\u00f1os<\/strong>) lo hace muy atractivo, pues no muchos futbolistas tienen la oportunidad de estar en el primer nivel a esas alturas, es esta la raz\u00f3n por la que el franc\u00e9s est\u00e1 pensando si seguir\u00e1 en el cuadro felino.<\/p>\n<p style=\"text-align: center;\"><a href=\"https:\/\/www.futboltotal.com.mx\/futbol-internacional\/liga-de-espana\/miguel-layun-firmara-betis-este-lunes\/2018\/01\">VER M\u00c1S: Miguel Lay\u00fan firmar\u00e1 con el Betis este lunes<\/a><\/p>\n<p>De acuerdo con el portal 10 Sport, el agente del delantero franc\u00e9s,\u00a0<strong>Jean Christophe Cano<\/strong>, rechaz\u00f3 una oferta de <strong>12 a 15 millones de euros<\/strong> del club turco <a href=\"https:\/\/www.futboltotal.com.mx\/futbol-internacional\/liga-de-inglaterra\/besiktas-le-cierra-las-puertas-a-chicharito\/2018\/01\" target=\"_blank\" rel=\"noopener\"><strong>Besiktas<\/strong><\/a>, sin embargo estos no desistir\u00e1n de hacerse con \u00e9l,<mark> han hablado con el agente y sabe que la oferta es muy buena para continuar su carrera en Europa, por lo que ha obligado a Gignac a que analice de forma minuciosa la oferta.<\/mark><\/p>\n<p>Sin embargo, el cuadro turco estar\u00eda dispuesto a esperar\u00a0que termine su contrato en <strong>Junio del 2019<\/strong> y convencerle de sumarse a su plantilla, se sabe que Tigres ya le hizo una propuesta para extender su contrato, pero no ha accedido ni firmado nada, por lo que la directiva Felina estar\u00eda preocupada sobre el futuro de su estrella francesa.<\/p>\n<blockquote class=\"twitter-tweet\" data-lang=\"es\">\n<p dir=\"ltr\" lang=\"fr\">EXCLU &#8211; Mercato : L&#8217;autre option qui s&#8217;offre \u00e0 Gignac <a href=\"https:\/\/t.co\/jy5fFndz2h\">https:\/\/t.co\/jy5fFndz2h<\/a> <a href=\"https:\/\/t.co\/khzmx3z9Sm\">pic.twitter.com\/khzmx3z9Sm<\/a><\/p>\n<p>\u2014 le10sport (@le10sport) <a href=\"https:\/\/twitter.com\/le10sport\/status\/956887758554857473?ref_src=twsrc%5Etfw\">26 de enero de 2018<\/a><\/p><\/blockquote>\n<p><script async src=\"https:\/\/platform.twitter.com\/widgets.js\" charset=\"utf-8\"><\/script><\/p>\n<p style=\"text-align: center;\"><a href=\"https:\/\/www.futboltotal.com.mx\/futbol-internacional\/adidas-presenta-nueva-coleccion-cold-blooded\/2018\/01\">VER M\u00c1S: adidas presenta su nueva colecci\u00f3n Cold Blooded<\/a><\/p>\n","protected":false},"excerpt":{"rendered":"<p>El delantero franc\u00e9s ha sido obligado por su agente a pensar las ofertas que tiene sobre la mesa<\/p>\n","protected":false},"author":159,"featured_media":515764,"comment_status":"closed","ping_status":"closed","sticky":false,"template":"","format":"standard","meta":[],"categories":[5,2198,3845],"tags":[5564,5773,9028,64,570],"_links":{"self":[{"href":"http:\/\/desarrollo.grupomedios.com\/futbol\/wp-json\/wp\/v2\/posts\/515763"}],"collection":[{"href":"http:\/\/desarrollo.grupomedios.com\/futbol\/wp-json\/wp\/v2\/posts"}],"about":[{"href":"http:\/\/desarrollo.grupomedios.com\/futbol\/wp-json\/wp\/v2\/types\/post"}],"author":[{"embeddable":true,"href":"http:\/\/desarrollo.grupomedios.com\/futbol\/wp-json\/wp\/v2\/users\/159"}],"replies":[{"embeddable":true,"href":"http:\/\/desarrollo.grupomedios.com\/futbol\/wp-json\/wp\/v2\/comments?post=515763"}],"version-history":[{"count":1,"href":"http:\/\/desarrollo.grupomedios.com\/futbol\/wp-json\/wp\/v2\/posts\/515763\/revisions"}],"predecessor-version":[{"id":515765,"href":"http:\/\/desarrollo.grupomedios.com\/futbol\/wp-json\/wp\/v2\/posts\/515763\/revisions\/515765"}],"wp:featuredmedia":[{"embeddable":true,"href":"http:\/\/desarrollo.grupomedios.com\/futbol\/wp-json\/wp\/v2\/media\/515764"}],"wp:attachment":[{"href":"http:\/\/desarrollo.grupomedios.com\/futbol\/wp-json\/wp\/v2\/media?parent=515763"}],"wp:term":[{"taxonomy":"category","embeddable":true,"href":"http:\/\/desarrollo.grupomedios.com\/futbol\/wp-json\/wp\/v2\/categories?post=515763"},{"taxonomy":"post_tag","embeddable":true,"href":"http:\/\/desarrollo.grupomedios.com\/futbol\/wp-json\/wp\/v2\/tags?post=515763"}],"curies":[{"name":"wp","href":"https:\/\/api.w.org\/{rel}","templated":true}]}}