{"id":515769,"date":"2018-01-26T10:20:15","date_gmt":"2018-01-26T16:20:15","guid":{"rendered":"https:\/\/www.futboltotal.com.mx\/?p=515769"},"modified":"2018-01-26T10:20:15","modified_gmt":"2018-01-26T16:20:15","slug":"espanyol-exige-investigacion-canticos-ofensivos-del-barcelona","status":"publish","type":"post","link":"http:\/\/desarrollo.grupomedios.com\/futbol\/futbol-internacional\/espanyol-exige-investigacion-canticos-ofensivos-del-barcelona\/2018\/01","title":{"rendered":"Espanyol exige investigaci\u00f3n por c\u00e1nticos ofensivos del Barcelona"},"content":{"rendered":"<p>Luego de la derrota que vivi\u00f3 el cuadro del <a href=\"https:\/\/www.futboltotal.com.mx\/futbol-internacional\/barcelona-2-0-espanyol-resumen-copa-del-rey-2018\/2018\/01\" target=\"_blank\" rel=\"noopener\"><strong>Espanyol<\/strong> ante el <strong>FC Barcelona<\/strong><\/a> en los Cuartos de Final de la <a href=\"https:\/\/www.futboltotal.com.mx\/futbol-internacional\/liga-de-espana\/listas-las-semifinales-la-copa-del-rey\/2018\/01\" target=\"_blank\" rel=\"noopener\"><strong>Copa del Rey<\/strong><\/a>, el conjunto de los &#8216;Periquitos&#8217; emitieron un comunicado solicitando a la <strong>Comisi\u00f3n Antiviolencia<\/strong> que se encargue de investigar los\u00a0c\u00e1nticos ofensivos\u00a0de parte del Camp Nou y las declaraciones de dos futbolistas que indican pudieron\u00a0incitar a la violencia.<\/p>\n<p style=\"text-align: center;\"><a href=\"https:\/\/www.futboltotal.com.mx\/futbol-mexicano\/liga-mx\/andre-pierre-gignac-pensaria-en-un-futuro-lejos-tigres-uanl\/2018\/01\">VER M\u00c1S: Andr\u00e9-Pierre Gignac pensar\u00eda en un futuro lejos de Tigres<\/a><\/p>\n<p>&#8220;Conforme a la normativa de la Real Federaci\u00f3n Espa\u00f1ola de F\u00fatbol, el RCD Espanyol de Barcelona remite a la Comisi\u00f3n Antiviolencia este escrito para solicitar la investigaci\u00f3n de la misma sobre <mark>las declaraciones de los jugadores del FC Barcelona Piqu\u00e9 Bernab\u00e9u y Busquets Burgos<\/mark>, as\u00ed como los c\u00e1nticos insultantes de los hinchas (&#8230;), por si son constitutivos de manifestaciones que incitan a la violencia, el racismo, la xenofobia y la intolerancia en el deporte&#8221;, as\u00ed indica el texto que lanz\u00f3 el cuadro del Espanyol.<\/p>\n<blockquote class=\"twitter-tweet\" data-lang=\"es\">\n<p dir=\"ltr\" lang=\"es\">Solicitud de investigaci\u00f3n a la Comisi\u00f3n Antiviolencia sobre las declaraciones de los jugadores del FC Barcelona Piqu\u00e9 Bernab\u00e9u y Busquets Burgos, y los c\u00e1nticos insultantes de la Grada de Animaci\u00f3n del Camp Nou.<a href=\"https:\/\/t.co\/hV52gbjQjK\">https:\/\/t.co\/hV52gbjQjK<\/a><a href=\"https:\/\/twitter.com\/hashtag\/RCDE?src=hash&amp;ref_src=twsrc%5Etfw\">#RCDE<\/a> <a href=\"https:\/\/t.co\/VFNZnlPZes\">pic.twitter.com\/VFNZnlPZes<\/a><\/p>\n<p>\u2014 RCD Espanyol (@RCDEspanyol) <a href=\"https:\/\/twitter.com\/RCDEspanyol\/status\/956858100149047297?ref_src=twsrc%5Etfw\">26 de enero de 2018<\/a><\/p><\/blockquote>\n<p><script async src=\"https:\/\/platform.twitter.com\/widgets.js\" charset=\"utf-8\"><\/script><\/p>\n<p>Las acusaciones sobre los futbolistas parecer\u00edan un tanto rebuscadas, sin embargo su principal queja es en contra de los hinchas quienes lanzaron c\u00e1nticos de forma ofensiva:<\/p>\n<p>&#8220;El Espanyol solicita la investigaci\u00f3n por parte de esta Comisi\u00f3n de los numerosos c\u00e1nticos xen\u00f3fobos e insultos que se profirieron anoche contra nuestro club y nuestra afici\u00f3n por parte de la Grada de\u00a0Barcelona y que, entre muchos otros, fueron:\u00a0<mark>&#8220;Odio al Espanyol&#8221;, &#8220;Muerte al Espanyol&#8221;, &#8220;Periquitos bastardos&#8221;, &#8220;Pericos, sois de los chinos&#8221;, &#8220;Perico, recuerda, eres una mierda&#8221; o &#8220;Hijos de puta del Espanyol&#8221;,<\/mark> indica.<\/p>\n<p style=\"text-align: center;\"><a href=\"https:\/\/www.futboltotal.com.mx\/futbol-internacional\/liga-de-inglaterra\/besiktas-le-cierra-las-puertas-a-chicharito\/2018\/01\">VER M\u00c1S: \u00bfBesiktas le cierra las puertas a Chicharito?<\/a><\/p>\n","protected":false},"excerpt":{"rendered":"<p>El cuadro Periquito espera que se haga justicia por lo sucedido en el Camp Nou<\/p>\n","protected":false},"author":159,"featured_media":515770,"comment_status":"closed","ping_status":"closed","sticky":false,"template":"","format":"standard","meta":[],"categories":[3839,3844],"tags":[96,253,67,1083],"_links":{"self":[{"href":"http:\/\/desarrollo.grupomedios.com\/futbol\/wp-json\/wp\/v2\/posts\/515769"}],"collection":[{"href":"http:\/\/desarrollo.grupomedios.com\/futbol\/wp-json\/wp\/v2\/posts"}],"about":[{"href":"http:\/\/desarrollo.grupomedios.com\/futbol\/wp-json\/wp\/v2\/types\/post"}],"author":[{"embeddable":true,"href":"http:\/\/desarrollo.grupomedios.com\/futbol\/wp-json\/wp\/v2\/users\/159"}],"replies":[{"embeddable":true,"href":"http:\/\/desarrollo.grupomedios.com\/futbol\/wp-json\/wp\/v2\/comments?post=515769"}],"version-history":[{"count":1,"href":"http:\/\/desarrollo.grupomedios.com\/futbol\/wp-json\/wp\/v2\/posts\/515769\/revisions"}],"predecessor-version":[{"id":515771,"href":"http:\/\/desarrollo.grupomedios.com\/futbol\/wp-json\/wp\/v2\/posts\/515769\/revisions\/515771"}],"wp:featuredmedia":[{"embeddable":true,"href":"http:\/\/desarrollo.grupomedios.com\/futbol\/wp-json\/wp\/v2\/media\/515770"}],"wp:attachment":[{"href":"http:\/\/desarrollo.grupomedios.com\/futbol\/wp-json\/wp\/v2\/media?parent=515769"}],"wp:term":[{"taxonomy":"category","embeddable":true,"href":"http:\/\/desarrollo.grupomedios.com\/futbol\/wp-json\/wp\/v2\/categories?post=515769"},{"taxonomy":"post_tag","embeddable":true,"href":"http:\/\/desarrollo.grupomedios.com\/futbol\/wp-json\/wp\/v2\/tags?post=515769"}],"curies":[{"name":"wp","href":"https:\/\/api.w.org\/{rel}","templated":true}]}}