{"id":515787,"date":"2018-01-26T12:01:19","date_gmt":"2018-01-26T18:01:19","guid":{"rendered":"https:\/\/www.futboltotal.com.mx\/?p=515787"},"modified":"2018-01-26T12:01:19","modified_gmt":"2018-01-26T18:01:19","slug":"psg-pone-condicion-a-neymar-dejarlo-ir-a-real-madrid","status":"publish","type":"post","link":"http:\/\/desarrollo.grupomedios.com\/futbol\/futbol-internacional\/psg-pone-condicion-a-neymar-dejarlo-ir-a-real-madrid\/2018\/01","title":{"rendered":"PSG pone condici\u00f3n a Neymar para dejarlo ir a Real Madrid"},"content":{"rendered":"<p>De todos es sabido el inter\u00e9s que ha surgido por parte del <strong>Real Madrid<\/strong> para fichar a <strong>Neymar<\/strong>, el actual delantero del <strong>Paris Saint-Germain<\/strong> tiene esos deseos de poder ser el protagonista absoluto en un equipo que le permita llegar a lo m\u00e1s alto, aunado a que desde su llegada al equipo franc\u00e9s se han presentado una <a href=\"https:\/\/www.futboltotal.com.mx\/futbol-internacional\/liga-de-francia-futbol-internacional\/los-5-conflictos-los-neymar-quiere-dejar-psg\/2018\/01\" target=\"_blank\" rel=\"noopener\">serie de conflictos a su alrededor.<\/a><\/p>\n<p>Ahora ha salido a la luz la petici\u00f3n que le ha hecho el presidente del PSG,\u00a0<strong>Nasser Al Khelaifi<\/strong>, quien le habr\u00eda indicado al futbolista;\u00a0<mark>&#8220;<strong>Si ganamos la Champions te dejar\u00e9 ir donde quieras<\/strong>&#8220;<\/mark>, han indicado varios sitios como Goal, por lo que esto ser\u00eda la v\u00eda de escape para el brasile\u00f1o.<\/p>\n<p style=\"text-align: center;\"><a href=\"https:\/\/www.futboltotal.com.mx\/futbol-mexicano\/liga-mx\/los-ultimos-delanteros-portaron-9-en-pumas\/2018\/01\">VER M\u00c1S: Los \u00faltimos delanteros que portaron el \u20189\u2019 en Pumas<\/a><\/p>\n<p>Por su parte en la portada del diario marca destacan que el Real Madrid tiene<strong> 300 millones de euros<\/strong> en la caja para hacerse con el futbolista brasile\u00f1o, indicando que <mark>&#8220;el Real Madrid\u00a0no tiene problemas de liquidez para renovarse&#8221;<\/mark>. Esto debido a que en los \u00faltimos mercados de fichajes no se han realizado ninguna bomba para los merengues desde que pagaran <strong>80 millones de euros<\/strong> por <strong>James Rodr\u00edguez<\/strong> en 2014.<\/p>\n<p>La realidad es que <strong>Florentino P\u00e9rez<\/strong> se ha obsesionado con hacerse de Neymar y formar un nuevo tridente en donde no vislumbra a un <strong>Cristiano Ronaldo<\/strong> en descontento y <strong>Karim Benzema<\/strong> que pasa por una temporada desastrosa, por lo que espera se comience a fraguar un nuevo ataque blanco que espante en Europa.<\/p>\n<p style=\"text-align: center;\"><a href=\"https:\/\/www.futboltotal.com.mx\/futbol-mexicano\/liga-mx\/andre-pierre-gignac-pensaria-en-un-futuro-lejos-tigres-uanl\/2018\/01\">VER M\u00c1S: Andr\u00e9-Pierre Gignac pensar\u00eda en un futuro lejos de Tigres<\/a><\/p>\n<p>&nbsp;<\/p>\n<p>&nbsp;<\/p>\n","protected":false},"excerpt":{"rendered":"<p>El delantero brasile\u00f1o tiene los deseos marcharse de Francia para tomar nuevo protagonismo<\/p>\n","protected":false},"author":159,"featured_media":515788,"comment_status":"closed","ping_status":"closed","sticky":false,"template":"","format":"standard","meta":[],"categories":[3839,9609],"tags":[6001,1376,5988],"_links":{"self":[{"href":"http:\/\/desarrollo.grupomedios.com\/futbol\/wp-json\/wp\/v2\/posts\/515787"}],"collection":[{"href":"http:\/\/desarrollo.grupomedios.com\/futbol\/wp-json\/wp\/v2\/posts"}],"about":[{"href":"http:\/\/desarrollo.grupomedios.com\/futbol\/wp-json\/wp\/v2\/types\/post"}],"author":[{"embeddable":true,"href":"http:\/\/desarrollo.grupomedios.com\/futbol\/wp-json\/wp\/v2\/users\/159"}],"replies":[{"embeddable":true,"href":"http:\/\/desarrollo.grupomedios.com\/futbol\/wp-json\/wp\/v2\/comments?post=515787"}],"version-history":[{"count":1,"href":"http:\/\/desarrollo.grupomedios.com\/futbol\/wp-json\/wp\/v2\/posts\/515787\/revisions"}],"predecessor-version":[{"id":515789,"href":"http:\/\/desarrollo.grupomedios.com\/futbol\/wp-json\/wp\/v2\/posts\/515787\/revisions\/515789"}],"wp:featuredmedia":[{"embeddable":true,"href":"http:\/\/desarrollo.grupomedios.com\/futbol\/wp-json\/wp\/v2\/media\/515788"}],"wp:attachment":[{"href":"http:\/\/desarrollo.grupomedios.com\/futbol\/wp-json\/wp\/v2\/media?parent=515787"}],"wp:term":[{"taxonomy":"category","embeddable":true,"href":"http:\/\/desarrollo.grupomedios.com\/futbol\/wp-json\/wp\/v2\/categories?post=515787"},{"taxonomy":"post_tag","embeddable":true,"href":"http:\/\/desarrollo.grupomedios.com\/futbol\/wp-json\/wp\/v2\/tags?post=515787"}],"curies":[{"name":"wp","href":"https:\/\/api.w.org\/{rel}","templated":true}]}}