{"id":515805,"date":"2018-01-26T14:46:36","date_gmt":"2018-01-26T20:46:36","guid":{"rendered":"https:\/\/www.futboltotal.com.mx\/?p=515805"},"modified":"2018-01-26T14:46:36","modified_gmt":"2018-01-26T20:46:36","slug":"los-nuevos-botines-ronaldinho-te-llenaran-nostalgia","status":"publish","type":"post","link":"http:\/\/desarrollo.grupomedios.com\/futbol\/futbol-internacional\/los-nuevos-botines-ronaldinho-te-llenaran-nostalgia\/2018\/01","title":{"rendered":"Los nuevos botines de Ronaldinho te llenar\u00e1n de nostalgia"},"content":{"rendered":"<p>Nike ha dado una gran sorpresa, luego que se anunciara el retiro definitivo de <strong>Ronaldinho<\/strong> de las canchas, lanzar\u00e1n botines nuevos llamados <strong>&#8220;Nike 10R City Collection&#8221;<\/strong>, los cuales llenar\u00e1n de nostalgia a todos aquellos aficionados del balompi\u00e9 y el brasile\u00f1o, cada una de las botas est\u00e1 inspirada en uno de los antiguos clubes de &#8216;Dinho&#8217;.<\/p>\n<blockquote class=\"instagram-media\" style=\"background: #FFF; border: 0; border-radius: 3px; box-shadow: 0 0 1px 0 rgba(0,0,0,0.5),0 1px 10px 0 rgba(0,0,0,0.15); margin: 1px; max-width: 658px; padding: 0; width: calc(100% - 2px);\" data-instgrm-captioned=\"\" data-instgrm-permalink=\"https:\/\/www.instagram.com\/p\/Beaqz5NHqbe\/\" data-instgrm-version=\"8\">\n<div style=\"padding: 8px;\">\n<div style=\"background: #F8F8F8; line-height: 0; margin-top: 40px; padding: 60.952380952380956% 0; text-align: center; width: 100%;\"><\/div>\n<p style=\"margin: 8px 0 0 0; padding: 0 4px;\"><a style=\"color: #000; font-family: Arial,sans-serif; font-size: 14px; font-style: normal; font-weight: normal; line-height: 17px; text-decoration: none; word-wrap: break-word;\" href=\"https:\/\/www.instagram.com\/p\/Beaqz5NHqbe\/\" target=\"_blank\" rel=\"noopener\">Porto Alegre, onde tudo come\u00e7ou&#8230; Uma cidade marcante na minha carreira: meu primeiro clube, a conquista do primeiro grande Campeonato, a primeira camisa 10, e a primeira convoca\u00e7\u00e3o e gol pela Sele\u00e7\u00e3o Brasileira. A nova Nike 10R City Collection estar\u00e1 dispon\u00edvel em Nike.com.br a partir de 1\/fevereiro.<\/a><\/p>\n<p style=\"color: #c9c8cd; font-family: Arial,sans-serif; font-size: 14px; line-height: 17px; margin-bottom: 0; margin-top: 8px; overflow: hidden; padding: 8px 0 7px; text-align: center; text-overflow: ellipsis; white-space: nowrap;\">A post shared by <a style=\"color: #c9c8cd; font-family: Arial,sans-serif; font-size: 14px; font-style: normal; font-weight: normal; line-height: 17px;\" href=\"https:\/\/www.instagram.com\/ronaldinho\/\" target=\"_blank\" rel=\"noopener\"> Ronaldo de Assis Moreira<\/a> (@ronaldinho) on <time style=\"font-family: Arial,sans-serif; font-size: 14px; line-height: 17px;\" datetime=\"2018-01-26T14:52:25+00:00\">Jan 26, 2018 at 6:52am PST<\/time><\/p>\n<\/div>\n<\/blockquote>\n<p><script async defer src=\"\/\/platform.instagram.com\/en_US\/embeds.js\"><\/script><\/p>\n<p style=\"text-align: center;\"><a href=\"https:\/\/www.futboltotal.com.mx\/futbol-mexicano\/liga-mx\/los-ultimos-delanteros-portaron-9-en-pumas\/2018\/01\">VER M\u00c1S: Los \u00faltimos delanteros que portaron el \u20189\u2019 en Pumas<\/a><\/p>\n<p>En el caso del modelo en azul marino, son de sus primeros pasos que dio con Gremio y son llamados\u00a0Nike TiempoX 10R:<\/p>\n<p><img decoding=\"async\" loading=\"lazy\" class=\"aligncenter size-full wp-image-515807\" src=\"https:\/\/www.futboltotal.com.mx\/wp-content\/uploads\/2018\/01\/dinho-shoes-1.jpg\" alt=\"Los nuevos botines de Ronaldinho te llenar\u00e1n de nostalgia 0\" srcset=\"http:\/\/desarrollo.grupomedios.com\/futbol\/wp-content\/uploads\/2018\/01\/dinho-shoes-1.jpg 738w, http:\/\/desarrollo.grupomedios.com\/futbol\/wp-content\/uploads\/2018\/01\/dinho-shoes-1-300x169.jpg 300w, http:\/\/desarrollo.grupomedios.com\/futbol\/wp-content\/uploads\/2018\/01\/dinho-shoes-1-393x221.jpg 393w\" sizes=\"(max-width: 738px) 100vw, 738px\" \/> <img decoding=\"async\" loading=\"lazy\" class=\"aligncenter size-full wp-image-515808\" src=\"https:\/\/www.futboltotal.com.mx\/wp-content\/uploads\/2018\/01\/dinho-shoes-3.jpg\" alt=\"Los nuevos botines de Ronaldinho te llenar\u00e1n de nostalgia 1\" srcset=\"http:\/\/desarrollo.grupomedios.com\/futbol\/wp-content\/uploads\/2018\/01\/dinho-shoes-3.jpg 738w, http:\/\/desarrollo.grupomedios.com\/futbol\/wp-content\/uploads\/2018\/01\/dinho-shoes-3-300x169.jpg 300w, http:\/\/desarrollo.grupomedios.com\/futbol\/wp-content\/uploads\/2018\/01\/dinho-shoes-3-393x221.jpg 393w\" sizes=\"(max-width: 738px) 100vw, 738px\" \/><\/p>\n<p>Habr\u00e1 otro par que ser\u00e1 en blanco y dorado y se muestra como en la parte de las plantillas llevar\u00e1 la cl\u00e1sica se\u00f1al de Ronaldinho:<\/p>\n<p><img decoding=\"async\" loading=\"lazy\" class=\"aligncenter size-full wp-image-515809\" src=\"https:\/\/www.futboltotal.com.mx\/wp-content\/uploads\/2018\/01\/dinho-shoes-4.jpg\" alt=\"Los nuevos botines de Ronaldinho te llenar\u00e1n de nostalgia 2\" srcset=\"http:\/\/desarrollo.grupomedios.com\/futbol\/wp-content\/uploads\/2018\/01\/dinho-shoes-4.jpg 738w, http:\/\/desarrollo.grupomedios.com\/futbol\/wp-content\/uploads\/2018\/01\/dinho-shoes-4-300x241.jpg 300w\" sizes=\"(max-width: 738px) 100vw, 738px\" \/> <img decoding=\"async\" loading=\"lazy\" class=\"aligncenter size-full wp-image-515810\" src=\"https:\/\/www.futboltotal.com.mx\/wp-content\/uploads\/2018\/01\/dinho-shoes-5.jpg\" alt=\"Los nuevos botines de Ronaldinho te llenar\u00e1n de nostalgia 3\" srcset=\"http:\/\/desarrollo.grupomedios.com\/futbol\/wp-content\/uploads\/2018\/01\/dinho-shoes-5.jpg 738w, http:\/\/desarrollo.grupomedios.com\/futbol\/wp-content\/uploads\/2018\/01\/dinho-shoes-5-300x293.jpg 300w\" sizes=\"(max-width: 738px) 100vw, 738px\" \/><\/p>\n<p>Los Black Nike se remontaran a sus momentos con el Paris Saint-Germain:<\/p>\n<p><img decoding=\"async\" loading=\"lazy\" class=\"aligncenter size-full wp-image-515811\" src=\"https:\/\/www.futboltotal.com.mx\/wp-content\/uploads\/2018\/01\/dinho-shoes-6.jpg\" alt=\"Los nuevos botines de Ronaldinho te llenar\u00e1n de nostalgia 4\" srcset=\"http:\/\/desarrollo.grupomedios.com\/futbol\/wp-content\/uploads\/2018\/01\/dinho-shoes-6.jpg 738w, http:\/\/desarrollo.grupomedios.com\/futbol\/wp-content\/uploads\/2018\/01\/dinho-shoes-6-300x200.jpg 300w\" sizes=\"(max-width: 738px) 100vw, 738px\" \/> <img decoding=\"async\" loading=\"lazy\" class=\"aligncenter size-full wp-image-515812\" src=\"https:\/\/www.futboltotal.com.mx\/wp-content\/uploads\/2018\/01\/dinho-shoes-7.jpg\" alt=\"Los nuevos botines de Ronaldinho te llenar\u00e1n de nostalgia 5\" srcset=\"http:\/\/desarrollo.grupomedios.com\/futbol\/wp-content\/uploads\/2018\/01\/dinho-shoes-7.jpg 565w, http:\/\/desarrollo.grupomedios.com\/futbol\/wp-content\/uploads\/2018\/01\/dinho-shoes-7-230x300.jpg 230w\" sizes=\"(max-width: 565px) 100vw, 565px\" \/><\/p>\n<p style=\"text-align: center;\"><a href=\"https:\/\/www.futboltotal.com.mx\/futbol-mexicano\/liga-mx\/tigres-uanl-desea-regreso-este-argentino\/2018\/01\">VER M\u00c1S: Tigres UANL desea el regreso de este argentino<\/a><\/p>\n<p>&nbsp;<\/p>\n","protected":false},"excerpt":{"rendered":"<p>El brasile\u00f1o tendr\u00e1 una colecci\u00f3n especial luego que anunciara su retiro de las canchas<\/p>\n","protected":false},"author":159,"featured_media":515813,"comment_status":"closed","ping_status":"closed","sticky":false,"template":"","format":"standard","meta":[],"categories":[3839],"tags":[1083,2685,377,1376,5997],"_links":{"self":[{"href":"http:\/\/desarrollo.grupomedios.com\/futbol\/wp-json\/wp\/v2\/posts\/515805"}],"collection":[{"href":"http:\/\/desarrollo.grupomedios.com\/futbol\/wp-json\/wp\/v2\/posts"}],"about":[{"href":"http:\/\/desarrollo.grupomedios.com\/futbol\/wp-json\/wp\/v2\/types\/post"}],"author":[{"embeddable":true,"href":"http:\/\/desarrollo.grupomedios.com\/futbol\/wp-json\/wp\/v2\/users\/159"}],"replies":[{"embeddable":true,"href":"http:\/\/desarrollo.grupomedios.com\/futbol\/wp-json\/wp\/v2\/comments?post=515805"}],"version-history":[{"count":1,"href":"http:\/\/desarrollo.grupomedios.com\/futbol\/wp-json\/wp\/v2\/posts\/515805\/revisions"}],"predecessor-version":[{"id":515814,"href":"http:\/\/desarrollo.grupomedios.com\/futbol\/wp-json\/wp\/v2\/posts\/515805\/revisions\/515814"}],"wp:featuredmedia":[{"embeddable":true,"href":"http:\/\/desarrollo.grupomedios.com\/futbol\/wp-json\/wp\/v2\/media\/515813"}],"wp:attachment":[{"href":"http:\/\/desarrollo.grupomedios.com\/futbol\/wp-json\/wp\/v2\/media?parent=515805"}],"wp:term":[{"taxonomy":"category","embeddable":true,"href":"http:\/\/desarrollo.grupomedios.com\/futbol\/wp-json\/wp\/v2\/categories?post=515805"},{"taxonomy":"post_tag","embeddable":true,"href":"http:\/\/desarrollo.grupomedios.com\/futbol\/wp-json\/wp\/v2\/tags?post=515805"}],"curies":[{"name":"wp","href":"https:\/\/api.w.org\/{rel}","templated":true}]}}