{"id":515806,"date":"2018-01-25T19:30:47","date_gmt":"2018-01-26T01:30:47","guid":{"rendered":"https:\/\/www.futboltotal.com.mx\/?p=515806"},"modified":"2018-01-26T20:52:38","modified_gmt":"2018-01-27T02:52:38","slug":"monarcas-morelia-vs-queretaro-clausura-2018-en-vivo-minuto-a-minuto","status":"publish","type":"post","link":"http:\/\/desarrollo.grupomedios.com\/futbol\/futbol-mexicano\/monarcas-morelia-vs-queretaro-clausura-2018-en-vivo-minuto-a-minuto\/2018\/01","title":{"rendered":"Monarcas Morelia vs Quer\u00e9taro | Clausura 2018 | EN VIVO: Minuto a minuto"},"content":{"rendered":"<p>Monarcas Morelia recibe a los Gallos Blancos de Quer\u00e9taro en el inicio de la Jornada 4 del Torneo Clausura 2018 de la Liga MX.<\/p>\n<iframe src=\"https:\/\/en-vivo.futboltotal.com.mx\/embed.php\/?id=528\" width=\"100%\" id=\"frame_minuto\"><\/iframe>\n<p>Los michoacanos vienen de su primera derrota en el torneo, y en casa buscar\u00e1n recuperar el paso para meterse en los primeros puestos del certamen.<\/p>\n<p>Mientras que los queretanos poco a poco han ido retomando el camino despu\u00e9s de una jornada inaugural donde cayeron en casa frente a las \u00c1guilas, han sumado cuatro de los \u00faltimos seis puntos.<\/p>\n<p><strong>\u00a1NO TE PIERDAS EL MINUTO A MINUTO DEL MONARCAS VS QUER\u00c9TARO EN PUNTO DE LAS 19:00 HORAS!<\/strong><\/p>\n","protected":false},"excerpt":{"rendered":"<p>Inicia la Jornada 4 del Torneo Clausura 2018<\/p>\n","protected":false},"author":160,"featured_media":515815,"comment_status":"closed","ping_status":"closed","sticky":false,"template":"","format":"standard","meta":[],"categories":[2198,3845],"tags":[9028,2578,784,5970],"_links":{"self":[{"href":"http:\/\/desarrollo.grupomedios.com\/futbol\/wp-json\/wp\/v2\/posts\/515806"}],"collection":[{"href":"http:\/\/desarrollo.grupomedios.com\/futbol\/wp-json\/wp\/v2\/posts"}],"about":[{"href":"http:\/\/desarrollo.grupomedios.com\/futbol\/wp-json\/wp\/v2\/types\/post"}],"author":[{"embeddable":true,"href":"http:\/\/desarrollo.grupomedios.com\/futbol\/wp-json\/wp\/v2\/users\/160"}],"replies":[{"embeddable":true,"href":"http:\/\/desarrollo.grupomedios.com\/futbol\/wp-json\/wp\/v2\/comments?post=515806"}],"version-history":[{"count":1,"href":"http:\/\/desarrollo.grupomedios.com\/futbol\/wp-json\/wp\/v2\/posts\/515806\/revisions"}],"predecessor-version":[{"id":515816,"href":"http:\/\/desarrollo.grupomedios.com\/futbol\/wp-json\/wp\/v2\/posts\/515806\/revisions\/515816"}],"wp:featuredmedia":[{"embeddable":true,"href":"http:\/\/desarrollo.grupomedios.com\/futbol\/wp-json\/wp\/v2\/media\/515815"}],"wp:attachment":[{"href":"http:\/\/desarrollo.grupomedios.com\/futbol\/wp-json\/wp\/v2\/media?parent=515806"}],"wp:term":[{"taxonomy":"category","embeddable":true,"href":"http:\/\/desarrollo.grupomedios.com\/futbol\/wp-json\/wp\/v2\/categories?post=515806"},{"taxonomy":"post_tag","embeddable":true,"href":"http:\/\/desarrollo.grupomedios.com\/futbol\/wp-json\/wp\/v2\/tags?post=515806"}],"curies":[{"name":"wp","href":"https:\/\/api.w.org\/{rel}","templated":true}]}}