{"id":515820,"date":"2018-01-26T09:59:05","date_gmt":"2018-01-26T15:59:05","guid":{"rendered":"https:\/\/www.futboltotal.com.mx\/?p=515820"},"modified":"2018-01-27T11:09:58","modified_gmt":"2018-01-27T17:09:58","slug":"valencia-vs-real-madrid-laliga-en-vivo-minuto-a-minuto","status":"publish","type":"post","link":"http:\/\/desarrollo.grupomedios.com\/futbol\/futbol-internacional\/valencia-vs-real-madrid-laliga-en-vivo-minuto-a-minuto\/2018\/01","title":{"rendered":"Valencia vs Real Madrid | LaLiga | EN VIVO: Minuto a minuto"},"content":{"rendered":"<p>El\u00a0<strong><span class=\"classCadenaBusqueda\">Valencia<\/span><\/strong>\u00a0recibir\u00e1 en Mestalla en un duelo por la tercera plaza de la Liga a un <strong>Real Madrid<\/strong> deprimido tras ser eliminado por el <strong>Legan\u00e9s<\/strong> en la <strong>Copa del Rey<\/strong>, en la que el equipo de Marcelino Garc\u00eda s\u00ed que ha accedido a semifinales pese a mostrar muchas dudas en los \u00faltimos partidos.<\/p>\n<iframe src=\"https:\/\/en-vivo.futboltotal.com.mx\/embed.php\/?id=530\" width=\"100%\" id=\"frame_minuto\"><\/iframe>\n<p>El\u00a0<span class=\"classCadenaBusqueda\">Valencia<\/span>\u00a0llega a la cita tercero con 45 puntos, cinco m\u00e1s que el conjunto de <strong>Zinedine Zidane<\/strong> que ha disputado un partido menos. Un triunfo de los locales les reforzar\u00eda en su actual posici\u00f3n y blindar\u00eda su ventaja. En cambio, de llevarse los tres puntos el Real Madrid, pasar\u00eda a depender ya de s\u00ed mismo para arrebatarle la tercera plaza de la clasificaci\u00f3n.<\/p>\n<p>Apenas quedan entradas en las taquillas, por lo que se intuye que <strong>Mestalla<\/strong> rozar\u00e1 el lleno para ver un duelo que en sus \u00faltimas tres ediciones se ha resuelto con dos triunfos locales y un empate. A la cita llega el\u00a0<span class=\"classCadenaBusqueda\">Valencia<\/span>\u00a0tras sellar su pase a las semifinales de Copa del Rey pero perder en Liga en el estadio del colista, la UD Las Palmas, pese a adelantarse en el marcador.<\/p>\n<p>El mediocentro franc\u00e9s <strong>Francis Coquel\u00edn<\/strong>, su \u00faltimo fichaje, ser\u00e1 el elegido seg\u00fan ha confirmado este viernes el propio entrenador del\u00a0<span class=\"classCadenaBusqueda\">Valencia<\/span>\u00a0ante los medios. M\u00e1s all\u00e1 de los relevos obligados, falta por ver si el entrenador asturiano, dado que la pr\u00f3xima semana deber\u00e1 afrontar la ida de las semifinales de Copa, mantiene las rotaciones de las \u00faltimas semanas y que en la delantera le han llevado a juntar de salida a Rodrigo y a Santi Mina en la Liga y a Vietto y a Zaza en la Copa.<\/p>\n<p><mark>Mientras, el Real Madrid llega a Mestalla en los momentos m\u00e1s duros de la &#8216;era Zidane&#8217;, sin opciones de pelear por el t\u00edtulo de Liga a 19 puntos del Barcelona y tras ser eliminado por el Legan\u00e9s de la Copa del Rey, tras vencer la ida en Butarque y verse remontado en el Santiago Bernab\u00e9u. Un hecho sin precedentes en Copa y que solo hab\u00eda logrado el Odense en 1994 en la Copa de la UEFA.<\/mark><\/p>\n<p>Para llegar en buen estado an\u00edmico a esa cita decisiva, el <strong>Real Madrid<\/strong> debe levantar el vuelo en LaLiga Santander. Mestalla es un buen escenario para recuperar parte de la confianza perdida y lo buscar\u00e1 Zinedine Zidane recuperando como titular nueve meses despu\u00e9s a la BBC.<\/p>\n<p>Desde el 23 de abril de 2017, d\u00eda que sali\u00f3 derrotado el Real Madrid del cl\u00e1sico ante el Barcelona (2-3), nunca han podido volver a juntarse <strong>Gareth<\/strong>\u00a0<strong>Bale, Karim Benzema y Cristiano Ronaldo<\/strong> en el equipo titular.<\/p>\n<p>El Real Madrid pas\u00f3 de firmar un r\u00e9cord hist\u00f3rico de la competici\u00f3n como mejor visitante con trece victorias consecutivas, a una mala racha que no tiene fin.<\/p>\n","protected":false},"excerpt":{"rendered":"<p>La Liga arde con la visita del Madrid a Mestalla<\/p>\n","protected":false},"author":160,"featured_media":515821,"comment_status":"closed","ping_status":"closed","sticky":false,"template":"","format":"standard","meta":[],"categories":[3839,3844],"tags":[6114,5988,87],"_links":{"self":[{"href":"http:\/\/desarrollo.grupomedios.com\/futbol\/wp-json\/wp\/v2\/posts\/515820"}],"collection":[{"href":"http:\/\/desarrollo.grupomedios.com\/futbol\/wp-json\/wp\/v2\/posts"}],"about":[{"href":"http:\/\/desarrollo.grupomedios.com\/futbol\/wp-json\/wp\/v2\/types\/post"}],"author":[{"embeddable":true,"href":"http:\/\/desarrollo.grupomedios.com\/futbol\/wp-json\/wp\/v2\/users\/160"}],"replies":[{"embeddable":true,"href":"http:\/\/desarrollo.grupomedios.com\/futbol\/wp-json\/wp\/v2\/comments?post=515820"}],"version-history":[{"count":1,"href":"http:\/\/desarrollo.grupomedios.com\/futbol\/wp-json\/wp\/v2\/posts\/515820\/revisions"}],"predecessor-version":[{"id":515822,"href":"http:\/\/desarrollo.grupomedios.com\/futbol\/wp-json\/wp\/v2\/posts\/515820\/revisions\/515822"}],"wp:featuredmedia":[{"embeddable":true,"href":"http:\/\/desarrollo.grupomedios.com\/futbol\/wp-json\/wp\/v2\/media\/515821"}],"wp:attachment":[{"href":"http:\/\/desarrollo.grupomedios.com\/futbol\/wp-json\/wp\/v2\/media?parent=515820"}],"wp:term":[{"taxonomy":"category","embeddable":true,"href":"http:\/\/desarrollo.grupomedios.com\/futbol\/wp-json\/wp\/v2\/categories?post=515820"},{"taxonomy":"post_tag","embeddable":true,"href":"http:\/\/desarrollo.grupomedios.com\/futbol\/wp-json\/wp\/v2\/tags?post=515820"}],"curies":[{"name":"wp","href":"https:\/\/api.w.org\/{rel}","templated":true}]}}