{"id":515848,"date":"2018-01-26T17:49:20","date_gmt":"2018-01-26T23:49:20","guid":{"rendered":"https:\/\/www.futboltotal.com.mx\/?p=515848"},"modified":"2018-01-26T17:49:20","modified_gmt":"2018-01-26T23:49:20","slug":"america-se-toma-una-emblematica-foto-oficial","status":"publish","type":"post","link":"http:\/\/desarrollo.grupomedios.com\/futbol\/destacado-home\/america-se-toma-una-emblematica-foto-oficial\/2018\/01","title":{"rendered":"Am\u00e9rica se toma una emblem\u00e1tica foto oficial"},"content":{"rendered":"<p>Las <strong>\u00c1guilas del Am\u00e9rica<\/strong> se tomaron la foto oficial, pero de una forma muy particular, al mostrar la uni\u00f3n que existe entre todas las plantillas profesionales del equipo.<\/p>\n<p>Futbolistas de la liga varonil y femenil se mostraron como uno solo, y las figuras de los capitanes <strong>Oribe Peralta y Lucero Cuevas<\/strong>, adem\u00e1s de los reci\u00e9n llegados <strong>J\u00e9remy M\u00e9nez y Andr\u00e9s Ibarg\u00fcen<\/strong>, destacaron en la foto oficial de los azulcremas.<\/p>\n<p>Los jugadores de las filiales, las chicas de la <strong>Liga MX Femenil<\/strong> y el equipo de la categor\u00eda mayor de las \u00c1guilas del Am\u00e9rica estuvieron en una sola exhibici\u00f3n.<\/p>\n<p style=\"text-align: center;\"><span style=\"color: #333399;\"><a href=\"https:\/\/www.futboltotal.com.mx\/futbol-mexicano\/silvio-romero-esta-del-america\/2018\/01\">VER M\u00c1S &#8211;\u00a0<span class=\"item-title\">OFICIAL: Silvio Romero est\u00e1 fuera del Am\u00e9rica<\/span><\/a><\/span><\/p>\n<p><strong>Miguel Herrera y Leonardo Cu\u00e9llar<\/strong>, entrenadores de la liga varonil y femenil, respectivamente, junto a los cuerpos t\u00e9cnicos y todos los directivos encabezados por <strong>Yon de Luisa y Santiago Ba\u00f1os<\/strong> fueron parte de esta imagen que quedar\u00e1 para el Torneo Clausura 2018.<\/p>\n<p>Y aqu\u00ed la imagen completa.<\/p>\n<blockquote class=\"twitter-tweet\" data-lang=\"es\">\n<p dir=\"ltr\" lang=\"es\"> Foto Oficial Clausura 2018<\/p>\n<p>\u00a1Gracias por acompa\u00f1arnos!<a href=\"https:\/\/twitter.com\/hashtag\/Siempre%C3%81guilas?src=hash&amp;ref_src=twsrc%5Etfw\">#Siempre\u00c1guilas<\/a>  <a href=\"https:\/\/t.co\/4aF80TnJor\">pic.twitter.com\/4aF80TnJor<\/a><\/p>\n<p>\u2014 Club Am\u00e9rica (@ClubAmerica) <a href=\"https:\/\/twitter.com\/ClubAmerica\/status\/956991997415272448?ref_src=twsrc%5Etfw\">26 de enero de 2018<\/a><\/p><\/blockquote>\n<p><script async src=\"https:\/\/platform.twitter.com\/widgets.js\" charset=\"utf-8\"><\/script><\/p>\n<p>&nbsp;<\/p>\n","protected":false},"excerpt":{"rendered":"<p>Todo el americanismo reunido en una sola imagen<\/p>\n","protected":false},"author":160,"featured_media":515849,"comment_status":"closed","ping_status":"closed","sticky":false,"template":"","format":"standard","meta":[],"categories":[5,2198,3845],"tags":[5959,7303,9549],"_links":{"self":[{"href":"http:\/\/desarrollo.grupomedios.com\/futbol\/wp-json\/wp\/v2\/posts\/515848"}],"collection":[{"href":"http:\/\/desarrollo.grupomedios.com\/futbol\/wp-json\/wp\/v2\/posts"}],"about":[{"href":"http:\/\/desarrollo.grupomedios.com\/futbol\/wp-json\/wp\/v2\/types\/post"}],"author":[{"embeddable":true,"href":"http:\/\/desarrollo.grupomedios.com\/futbol\/wp-json\/wp\/v2\/users\/160"}],"replies":[{"embeddable":true,"href":"http:\/\/desarrollo.grupomedios.com\/futbol\/wp-json\/wp\/v2\/comments?post=515848"}],"version-history":[{"count":1,"href":"http:\/\/desarrollo.grupomedios.com\/futbol\/wp-json\/wp\/v2\/posts\/515848\/revisions"}],"predecessor-version":[{"id":515850,"href":"http:\/\/desarrollo.grupomedios.com\/futbol\/wp-json\/wp\/v2\/posts\/515848\/revisions\/515850"}],"wp:featuredmedia":[{"embeddable":true,"href":"http:\/\/desarrollo.grupomedios.com\/futbol\/wp-json\/wp\/v2\/media\/515849"}],"wp:attachment":[{"href":"http:\/\/desarrollo.grupomedios.com\/futbol\/wp-json\/wp\/v2\/media?parent=515848"}],"wp:term":[{"taxonomy":"category","embeddable":true,"href":"http:\/\/desarrollo.grupomedios.com\/futbol\/wp-json\/wp\/v2\/categories?post=515848"},{"taxonomy":"post_tag","embeddable":true,"href":"http:\/\/desarrollo.grupomedios.com\/futbol\/wp-json\/wp\/v2\/tags?post=515848"}],"curies":[{"name":"wp","href":"https:\/\/api.w.org\/{rel}","templated":true}]}}