{"id":515872,"date":"2018-01-26T21:20:26","date_gmt":"2018-01-27T03:20:26","guid":{"rendered":"https:\/\/www.futboltotal.com.mx\/?p=515872"},"modified":"2018-01-27T23:06:52","modified_gmt":"2018-01-28T05:06:52","slug":"chivas-vs-monterrey-clausura-2018-en-vivo-minuto-a-minuto","status":"publish","type":"post","link":"http:\/\/desarrollo.grupomedios.com\/futbol\/futbol-mexicano\/chivas-vs-monterrey-clausura-2018-en-vivo-minuto-a-minuto\/2018\/01","title":{"rendered":"Chivas vs Monterrey | Clausura 2018 | EN VIVO: Minuto a minuto"},"content":{"rendered":"<p>Las <strong>Chivas Rayadas del Guadalajara<\/strong> reciben la visita de los <strong>Rayados de Monterrey<\/strong> en el duelo que cierra la jornada sabatina de la fecha 4 del Torneo Clausura 2018 de la Liga MX.<\/p>\n<iframe src=\"https:\/\/en-vivo.futboltotal.com.mx\/embed.php\/?id=534\" width=\"100%\" id=\"frame_minuto\"><\/iframe>\n<p>El Reba\u00f1o Sagrado quiere comenzar su regreso en el certamen, ya lograron su primera victoria de visita y ahora en casa quieren darle la primera alegr\u00eda a su afici\u00f3n.<\/p>\n<p>Los Rayados han tenido un torneo con altibajos y pese a que se mantienen invictos no han tenido su mejor desempe\u00f1o y una victoria en casa del chiver\u00edo podr\u00eda posicionarlos en lo alto de la tabla.<\/p>\n<p><strong>\u00a1NO TE PIERDAS EL MINUTO A MINUTO DEL CHIVAS CONTRA MONTERREY EN PUNTO DE LAS 21:06 HORAS!<\/strong><\/p>\n","protected":false},"excerpt":{"rendered":"<p>El Reba\u00f1o Sagrado quiere su primera victoria en el estadio Akron<\/p>\n","protected":false},"author":160,"featured_media":515873,"comment_status":"closed","ping_status":"closed","sticky":false,"template":"","format":"standard","meta":[],"categories":[2198,3845],"tags":[70,9028,2578,5966],"_links":{"self":[{"href":"http:\/\/desarrollo.grupomedios.com\/futbol\/wp-json\/wp\/v2\/posts\/515872"}],"collection":[{"href":"http:\/\/desarrollo.grupomedios.com\/futbol\/wp-json\/wp\/v2\/posts"}],"about":[{"href":"http:\/\/desarrollo.grupomedios.com\/futbol\/wp-json\/wp\/v2\/types\/post"}],"author":[{"embeddable":true,"href":"http:\/\/desarrollo.grupomedios.com\/futbol\/wp-json\/wp\/v2\/users\/160"}],"replies":[{"embeddable":true,"href":"http:\/\/desarrollo.grupomedios.com\/futbol\/wp-json\/wp\/v2\/comments?post=515872"}],"version-history":[{"count":2,"href":"http:\/\/desarrollo.grupomedios.com\/futbol\/wp-json\/wp\/v2\/posts\/515872\/revisions"}],"predecessor-version":[{"id":515875,"href":"http:\/\/desarrollo.grupomedios.com\/futbol\/wp-json\/wp\/v2\/posts\/515872\/revisions\/515875"}],"wp:featuredmedia":[{"embeddable":true,"href":"http:\/\/desarrollo.grupomedios.com\/futbol\/wp-json\/wp\/v2\/media\/515873"}],"wp:attachment":[{"href":"http:\/\/desarrollo.grupomedios.com\/futbol\/wp-json\/wp\/v2\/media?parent=515872"}],"wp:term":[{"taxonomy":"category","embeddable":true,"href":"http:\/\/desarrollo.grupomedios.com\/futbol\/wp-json\/wp\/v2\/categories?post=515872"},{"taxonomy":"post_tag","embeddable":true,"href":"http:\/\/desarrollo.grupomedios.com\/futbol\/wp-json\/wp\/v2\/tags?post=515872"}],"curies":[{"name":"wp","href":"https:\/\/api.w.org\/{rel}","templated":true}]}}