{"id":515894,"date":"2018-01-27T09:58:25","date_gmt":"2018-01-27T15:58:25","guid":{"rendered":"https:\/\/www.futboltotal.com.mx\/?p=515894"},"modified":"2018-01-27T15:53:29","modified_gmt":"2018-01-27T21:53:29","slug":"paco-jemez-se-roba-a-jugador-la-liga-mx","status":"publish","type":"post","link":"http:\/\/desarrollo.grupomedios.com\/futbol\/destacado-home\/paco-jemez-se-roba-a-jugador-la-liga-mx\/2018\/01","title":{"rendered":"Paco J\u00e9mez se roba a otro jugador de la Liga MX"},"content":{"rendered":"<p>El entrenador espa\u00f1ol <strong>Paco J\u00e9mez<\/strong> se ha llevado a otro jugador de la <strong>Liga MX<\/strong> para ser parte de la plantilla de la <strong>Uni\u00f3n Deportiva Las Palmas<\/strong> del futbol europeo.<\/p>\n<p>El lateral uruguayo <strong>Mat\u00edas Aguirregaray<\/strong> se ha convertido en nuevo fichaje de la escuadra espa\u00f1ola en calidad de pr\u00e9stamo por seis meses.<\/p>\n<p>El jugador de 28 a\u00f1os ha militado desde el 2017 con los <strong>Xolos de Tijuana<\/strong>, equipo donde destac\u00f3 desde las primeras fechas donde estuvo presente.<\/p>\n<p style=\"text-align: center;\"><span style=\"color: #333399;\"><a href=\"https:\/\/www.futboltotal.com.mx\/futbol-internacional\/paco-jemez-me-trato-mierda-delantero-las-palmas\/2018\/01\">VER M\u00c1S &#8211;\u00a0<span class=\"item-title\">Paco J\u00e9mez me trat\u00f3 como \u2018mierda\u2019: delantero de Las Palmas<\/span><\/a><\/span><\/p>\n<p>Aguirregaray se convierte en el segundo futbolista que se lleva Paco J\u00e9mez, despu\u00e9s de que haya firmado al mediocampista Gabriel Pe\u00f1alba, ex de <strong>Cruz Azul<\/strong>, escuadra a la que dirigi\u00f3 el t\u00e9cnico espa\u00f1ol.<\/p>\n<p>&nbsp;<\/p>\n","protected":false},"excerpt":{"rendered":"<p>El espa\u00f1ol se ha robado a este inamovible de su equipo<\/p>\n","protected":false},"author":160,"featured_media":515895,"comment_status":"closed","ping_status":"closed","sticky":false,"template":"","format":"standard","meta":[],"categories":[5,7570,2198,3845],"tags":[4465,10336,7053],"_links":{"self":[{"href":"http:\/\/desarrollo.grupomedios.com\/futbol\/wp-json\/wp\/v2\/posts\/515894"}],"collection":[{"href":"http:\/\/desarrollo.grupomedios.com\/futbol\/wp-json\/wp\/v2\/posts"}],"about":[{"href":"http:\/\/desarrollo.grupomedios.com\/futbol\/wp-json\/wp\/v2\/types\/post"}],"author":[{"embeddable":true,"href":"http:\/\/desarrollo.grupomedios.com\/futbol\/wp-json\/wp\/v2\/users\/160"}],"replies":[{"embeddable":true,"href":"http:\/\/desarrollo.grupomedios.com\/futbol\/wp-json\/wp\/v2\/comments?post=515894"}],"version-history":[{"count":1,"href":"http:\/\/desarrollo.grupomedios.com\/futbol\/wp-json\/wp\/v2\/posts\/515894\/revisions"}],"predecessor-version":[{"id":515896,"href":"http:\/\/desarrollo.grupomedios.com\/futbol\/wp-json\/wp\/v2\/posts\/515894\/revisions\/515896"}],"wp:featuredmedia":[{"embeddable":true,"href":"http:\/\/desarrollo.grupomedios.com\/futbol\/wp-json\/wp\/v2\/media\/515895"}],"wp:attachment":[{"href":"http:\/\/desarrollo.grupomedios.com\/futbol\/wp-json\/wp\/v2\/media?parent=515894"}],"wp:term":[{"taxonomy":"category","embeddable":true,"href":"http:\/\/desarrollo.grupomedios.com\/futbol\/wp-json\/wp\/v2\/categories?post=515894"},{"taxonomy":"post_tag","embeddable":true,"href":"http:\/\/desarrollo.grupomedios.com\/futbol\/wp-json\/wp\/v2\/tags?post=515894"}],"curies":[{"name":"wp","href":"https:\/\/api.w.org\/{rel}","templated":true}]}}