{"id":515916,"date":"2018-01-27T14:16:44","date_gmt":"2018-01-27T20:16:44","guid":{"rendered":"https:\/\/www.futboltotal.com.mx\/?p=515916"},"modified":"2018-01-27T14:16:44","modified_gmt":"2018-01-27T20:16:44","slug":"ruben-omar-romano-tecnico-hundio-al-america","status":"publish","type":"post","link":"http:\/\/desarrollo.grupomedios.com\/futbol\/futbol-mexicano\/ruben-omar-romano-tecnico-hundio-al-america\/2018\/01","title":{"rendered":"Rub\u00e9n Omar Romano, el t\u00e9cnico que hundi\u00f3 al Am\u00e9rica"},"content":{"rendered":"<p>El nuevo entrenador de los Rojinegros del Atlas, <strong>Rub\u00e9n Omar Romano<\/strong>, vivir\u00e1 su tercera etapa al frente de la escuadra atlista.<\/p>\n<p>Y su camino comienza este s\u00e1bado por la noche a las 21:00 horas en la cancha del estadio Azteca, enfrentando a las <strong>\u00c1guilas del Am\u00e9rica<\/strong>.<\/p>\n<p><mark>Romano no tiene gratos recuerdos de los azulcremas, ya que en su etapa como t\u00e9cnico de los americanistas tuvo uno de los peores pasajes en toda la historia de la instituci\u00f3n capitalina.<\/mark><\/p>\n<p style=\"text-align: center;\"><span style=\"color: #333399;\"><a href=\"https:\/\/www.futboltotal.com.mx\/futbol-mexicano\/america-vs-atlas-clausura-2018-en-vivo-minuto-a-minuto\/2018\/01\">VER M\u00c1S:\u00a0<span class=\"item-title\">Am\u00e9rica vs Atlas | Clausura 2018 | EN VIVO: Minuto a minuto<\/span><\/a><\/span><\/p>\n<p>En el <strong>Clausura 2008<\/strong>, las \u00c1guilas terminaron por primera vez en toda su historia como <strong>el \u00faltimo lugar de la tabla general<\/strong>.<\/p>\n<p>Naturalmente, esto deriv\u00f3 en el despido de Romano en su breve estad\u00eda que dur\u00f3 <strong>seis meses<\/strong>.<\/p>\n","protected":false},"excerpt":{"rendered":"<p>El t\u00e9cnico argentino enfrentar\u00e1 esta noche a las \u00c1guilas<\/p>\n","protected":false},"author":160,"featured_media":515917,"comment_status":"closed","ping_status":"closed","sticky":false,"template":"","format":"standard","meta":[],"categories":[7570,2198,3845],"tags":[5959,5961,1366],"_links":{"self":[{"href":"http:\/\/desarrollo.grupomedios.com\/futbol\/wp-json\/wp\/v2\/posts\/515916"}],"collection":[{"href":"http:\/\/desarrollo.grupomedios.com\/futbol\/wp-json\/wp\/v2\/posts"}],"about":[{"href":"http:\/\/desarrollo.grupomedios.com\/futbol\/wp-json\/wp\/v2\/types\/post"}],"author":[{"embeddable":true,"href":"http:\/\/desarrollo.grupomedios.com\/futbol\/wp-json\/wp\/v2\/users\/160"}],"replies":[{"embeddable":true,"href":"http:\/\/desarrollo.grupomedios.com\/futbol\/wp-json\/wp\/v2\/comments?post=515916"}],"version-history":[{"count":1,"href":"http:\/\/desarrollo.grupomedios.com\/futbol\/wp-json\/wp\/v2\/posts\/515916\/revisions"}],"predecessor-version":[{"id":515918,"href":"http:\/\/desarrollo.grupomedios.com\/futbol\/wp-json\/wp\/v2\/posts\/515916\/revisions\/515918"}],"wp:featuredmedia":[{"embeddable":true,"href":"http:\/\/desarrollo.grupomedios.com\/futbol\/wp-json\/wp\/v2\/media\/515917"}],"wp:attachment":[{"href":"http:\/\/desarrollo.grupomedios.com\/futbol\/wp-json\/wp\/v2\/media?parent=515916"}],"wp:term":[{"taxonomy":"category","embeddable":true,"href":"http:\/\/desarrollo.grupomedios.com\/futbol\/wp-json\/wp\/v2\/categories?post=515916"},{"taxonomy":"post_tag","embeddable":true,"href":"http:\/\/desarrollo.grupomedios.com\/futbol\/wp-json\/wp\/v2\/tags?post=515916"}],"curies":[{"name":"wp","href":"https:\/\/api.w.org\/{rel}","templated":true}]}}