{"id":516021,"date":"2018-01-28T21:37:08","date_gmt":"2018-01-29T03:37:08","guid":{"rendered":"https:\/\/www.futboltotal.com.mx\/?p=516021"},"modified":"2018-01-28T21:39:18","modified_gmt":"2018-01-29T03:39:18","slug":"seleccion-mexicana-femenil-sub-20-campeonas-concacaf-al-vencer-a-eu","status":"publish","type":"post","link":"http:\/\/desarrollo.grupomedios.com\/futbol\/videos\/seleccion-mexicana-femenil-sub-20-campeonas-concacaf-al-vencer-a-eu\/2018\/01","title":{"rendered":"Selecci\u00f3n Mexicana Femenil Sub-20, campeonas de Concacaf al vencer a EU"},"content":{"rendered":"<p>\u00a1La <strong>Selecci\u00f3n Mexicana Femenil Sub-20<\/strong> ha hecho historia! Pues el conjunto tricolor se coron\u00f3 por primera vez en la historia del <strong>Premundial<\/strong> de la categor\u00eda en <strong>Concacaf<\/strong> al vencer en la Final a <strong>Estados Unidos<\/strong> en la serie de penales.<\/p>\n<p>https:\/\/twitter.com\/miseleccionmx\/status\/957762406096232448<\/p>\n<p>Durante el tiempo regular, el marcador fue un empate 1-1 que termin\u00f3 con los Tiempos Extra y luego el lanzamiento desde los 11 pasos.<\/p>\n<p>Ah\u00ed fue donde otra vez la portera <strong>Emily Alvarado<\/strong> se convirti\u00f3 en la figura del equipo mexicano, pues detuvo dos tiros a las estadounidenses, d\u00e1ndole as\u00ed a <strong>M\u00e9xico<\/strong> la oportunidad de concretar el hist\u00f3rico triunfo, mismo que consum\u00f3 <strong>Bel\u00e9n Cruz<\/strong> con el \u00faltimo disparo al convertirlo en gol.<\/p>\n<blockquote class=\"twitter-tweet\" data-width=\"500\">\n<p lang=\"en\" dir=\"ltr\">United States 1 (2) &#8211; 1 (4) Mexico Highlights | <a href=\"https:\/\/twitter.com\/ussoccer_ynt?ref_src=twsrc%5Etfw\">@ussoccer_ynt<\/a> <a href=\"https:\/\/twitter.com\/miseleccionmx?ref_src=twsrc%5Etfw\">@miseleccionmx<\/a> <a href=\"https:\/\/twitter.com\/GatoradeTT?ref_src=twsrc%5Etfw\">@GatoradeTT<\/a> <a href=\"https:\/\/twitter.com\/hashtag\/CU20W?src=hash&amp;ref_src=twsrc%5Etfw\">#CU20W<\/a> <a href=\"https:\/\/t.co\/0qTbr4rHy3\">pic.twitter.com\/0qTbr4rHy3<\/a><\/p>\n<p>&mdash; CONCACAF (@CONCACAF) <a href=\"https:\/\/twitter.com\/CONCACAF\/status\/957779127162974208?ref_src=twsrc%5Etfw\">January 29, 2018<\/a><\/p><\/blockquote>\n<p><script async src=\"https:\/\/platform.twitter.com\/widgets.js\" charset=\"utf-8\"><\/script><\/p>\n<p>Adem\u00e1s de ser el primer t\u00edtulo para el equipo nacional femenil Sub 20, este triunfo tambi\u00e9n significa la primera victoria en una final en cualquier categor\u00eda femenil frente a los Estados Unidos e impidieron su pentacampeonato en el Premundial tras las ediciones de 2010, 2012, 2014, 2016.<\/p>\n<p><strong>M\u00e9xico Femenil Sub-20 llegar\u00e1 al Mundial de Francia 2018<\/strong> como la campeona de Concacaf, mientras que Estados Unidos y <strong>Hait\u00ed<\/strong> ser\u00e1n las otras dos representantes del \u00e1rea en la justa mundialista a celebrarse del 5 al 24 de agosto.<\/p>\n<blockquote class=\"twitter-tweet\" data-width=\"500\">\n<p lang=\"en\" dir=\"ltr\">Congratulations to <a href=\"https:\/\/twitter.com\/miseleccionmx?ref_src=twsrc%5Etfw\">@miseleccionmx<\/a> <a href=\"https:\/\/twitter.com\/hashtag\/CU20W?src=hash&amp;ref_src=twsrc%5Etfw\">#CU20W<\/a> Champions! <a href=\"https:\/\/t.co\/S5UBcC25wF\">pic.twitter.com\/S5UBcC25wF<\/a><\/p>\n<p>&mdash; CONCACAF (@CONCACAF) <a href=\"https:\/\/twitter.com\/CONCACAF\/status\/957767891931119616?ref_src=twsrc%5Etfw\">January 29, 2018<\/a><\/p><\/blockquote>\n<p><script async src=\"https:\/\/platform.twitter.com\/widgets.js\" charset=\"utf-8\"><\/script><\/p>\n","protected":false},"excerpt":{"rendered":"<p>Emily Alvarado fue la figura del Tri al atajar dos penales.<\/p>\n","protected":false},"author":129,"featured_media":516022,"comment_status":"closed","ping_status":"closed","sticky":false,"template":"","format":"standard","meta":[],"categories":[5,2198,9628,3847,4],"tags":[11674,7591,11675,11673],"_links":{"self":[{"href":"http:\/\/desarrollo.grupomedios.com\/futbol\/wp-json\/wp\/v2\/posts\/516021"}],"collection":[{"href":"http:\/\/desarrollo.grupomedios.com\/futbol\/wp-json\/wp\/v2\/posts"}],"about":[{"href":"http:\/\/desarrollo.grupomedios.com\/futbol\/wp-json\/wp\/v2\/types\/post"}],"author":[{"embeddable":true,"href":"http:\/\/desarrollo.grupomedios.com\/futbol\/wp-json\/wp\/v2\/users\/129"}],"replies":[{"embeddable":true,"href":"http:\/\/desarrollo.grupomedios.com\/futbol\/wp-json\/wp\/v2\/comments?post=516021"}],"version-history":[{"count":1,"href":"http:\/\/desarrollo.grupomedios.com\/futbol\/wp-json\/wp\/v2\/posts\/516021\/revisions"}],"predecessor-version":[{"id":516023,"href":"http:\/\/desarrollo.grupomedios.com\/futbol\/wp-json\/wp\/v2\/posts\/516021\/revisions\/516023"}],"wp:featuredmedia":[{"embeddable":true,"href":"http:\/\/desarrollo.grupomedios.com\/futbol\/wp-json\/wp\/v2\/media\/516022"}],"wp:attachment":[{"href":"http:\/\/desarrollo.grupomedios.com\/futbol\/wp-json\/wp\/v2\/media?parent=516021"}],"wp:term":[{"taxonomy":"category","embeddable":true,"href":"http:\/\/desarrollo.grupomedios.com\/futbol\/wp-json\/wp\/v2\/categories?post=516021"},{"taxonomy":"post_tag","embeddable":true,"href":"http:\/\/desarrollo.grupomedios.com\/futbol\/wp-json\/wp\/v2\/tags?post=516021"}],"curies":[{"name":"wp","href":"https:\/\/api.w.org\/{rel}","templated":true}]}}