{"id":516061,"date":"2018-01-29T07:21:21","date_gmt":"2018-01-29T13:21:21","guid":{"rendered":"https:\/\/www.futboltotal.com.mx\/?p=516061"},"modified":"2018-01-29T10:37:57","modified_gmt":"2018-01-29T16:37:57","slug":"miguel-layun-iria-a-espana-betis-guardado","status":"publish","type":"post","link":"http:\/\/desarrollo.grupomedios.com\/futbol\/futbol-internacional\/miguel-layun-iria-a-espana-betis-guardado\/2018\/01","title":{"rendered":"Miguel Lay\u00fan ir\u00eda a Espa\u00f1a pero no con el Betis de Guardado"},"content":{"rendered":"<p>El destino de <strong>Miguel Lay\u00fan<\/strong> parece que ser\u00e1 en Espa\u00f1a a partir de este mercado de invierno, aunque no precisamente con el <strong>Betis<\/strong> de <strong>Andr\u00e9s Guardado<\/strong>.<\/p>\n<p>Y es que el club que tendr\u00eda puesta la mira en el mexicano ser\u00eda e<mark>l <strong>Sevilla<\/strong>, que busca un nuevo lateral para reforzar su plantilla y le robar\u00eda su fichaje a su rival verdiblanco<\/mark>.<\/p>\n<p>Seg\u00fan informa el diario <em>Record de Portugal<\/em> y <em>Radio MARCA Sevilla<\/em>, Lay\u00fan interesa al club de Nervi\u00f3n, tanto que incluso ya podr\u00eda estar en la ciudad para negociar su llegada y pasar de manera inminente el reconocimiento m\u00e9dico.<\/p>\n<p style=\"text-align: center;\"><span style=\"color: #3366ff;\"><a href=\"https:\/\/www.futboltotal.com.mx\/futbol-internacional\/liga-de-espana\/rayo-vallecano-se-roba-jugador-la-liga-mx\/2018\/01\">VER M\u00c1S: Rayo Vallecano se roba un jugador de la Liga MX<\/a><\/span><\/p>\n<p>Todo esto debido a la imposibilidad de concretar la llegada de <strong>Aleix Vidal<\/strong>, a quien el <strong>Barcelona<\/strong> le puso un precio muy alto y por ello se habr\u00edan decantado por el exjugador del <strong>Am\u00e9rica<\/strong>.<\/p>\n<p>Adem\u00e1s, destacan que <mark>Lay\u00fan quer\u00eda salir del <strong>Porto<\/strong> ante la falta de continuidad en el equipo y buscando minutos que le permitan luchar por un lugar en la <strong>Selecci\u00f3n Mexicana<\/strong> para el pr\u00f3ximo <strong>Mundial de Rusia 2018<\/strong><\/mark>.<\/p>\n<p>Lo sorprendente de todo es que el defensa ten\u00eda pr\u00e1cticamente todo acordado con el Betis para reforzar la plantilla, sobre todo gracias a la intermediaci\u00f3n de su compatriota Guardado. El gran problema con los <em>verdiblancos<\/em> radicaba en el acuerdo con el Porto, duro la hora de aceptar la proposici\u00f3n del Betis ya que sus pretensiones econ\u00f3micas son mucho mayores.<\/p>\n<blockquote class=\"twitter-tweet\" data-width=\"500\">\n<p lang=\"es\" dir=\"ltr\">CR\u00d3NICA | <a href=\"https:\/\/twitter.com\/hashtag\/SevillaFC?src=hash&amp;ref_src=twsrc%5Etfw\">#SevillaFC<\/a> 1-1 <a href=\"https:\/\/twitter.com\/GetafeCF?ref_src=twsrc%5Etfw\">@GetafeCF<\/a>: Un mazazo en el descuento le cuesta dos puntos vitales ante el Getafe<\/p>\n<p>\u27a1\ufe0f <a href=\"https:\/\/t.co\/xbYIUMzgmV\">https:\/\/t.co\/xbYIUMzgmV<\/a><a href=\"https:\/\/twitter.com\/hashtag\/vamosmisevilla?src=hash&amp;ref_src=twsrc%5Etfw\">#vamosmisevilla<\/a> <a href=\"https:\/\/twitter.com\/hashtag\/SevillaFCGetafe?src=hash&amp;ref_src=twsrc%5Etfw\">#SevillaFCGetafe<\/a> <a href=\"https:\/\/t.co\/SiUzscJSkX\">pic.twitter.com\/SiUzscJSkX<\/a><\/p>\n<p>&mdash; Sevilla F\u00fatbol Club (@SevillaFC) <a href=\"https:\/\/twitter.com\/SevillaFC\/status\/957704195595030529?ref_src=twsrc%5Etfw\">January 28, 2018<\/a><\/p><\/blockquote>\n<p><script async src=\"https:\/\/platform.twitter.com\/widgets.js\" charset=\"utf-8\"><\/script><\/p>\n","protected":false},"excerpt":{"rendered":"<p>El lateral del TRI ir\u00eda a uno de los hist\u00f3ricos del futbol espa\u00f1ol.<\/p>\n","protected":false},"author":129,"featured_media":514289,"comment_status":"closed","ping_status":"closed","sticky":false,"template":"","format":"standard","meta":[],"categories":[3839,3844],"tags":[6046,1804,6114,1035,1208,49],"_links":{"self":[{"href":"http:\/\/desarrollo.grupomedios.com\/futbol\/wp-json\/wp\/v2\/posts\/516061"}],"collection":[{"href":"http:\/\/desarrollo.grupomedios.com\/futbol\/wp-json\/wp\/v2\/posts"}],"about":[{"href":"http:\/\/desarrollo.grupomedios.com\/futbol\/wp-json\/wp\/v2\/types\/post"}],"author":[{"embeddable":true,"href":"http:\/\/desarrollo.grupomedios.com\/futbol\/wp-json\/wp\/v2\/users\/129"}],"replies":[{"embeddable":true,"href":"http:\/\/desarrollo.grupomedios.com\/futbol\/wp-json\/wp\/v2\/comments?post=516061"}],"version-history":[{"count":1,"href":"http:\/\/desarrollo.grupomedios.com\/futbol\/wp-json\/wp\/v2\/posts\/516061\/revisions"}],"predecessor-version":[{"id":516062,"href":"http:\/\/desarrollo.grupomedios.com\/futbol\/wp-json\/wp\/v2\/posts\/516061\/revisions\/516062"}],"wp:featuredmedia":[{"embeddable":true,"href":"http:\/\/desarrollo.grupomedios.com\/futbol\/wp-json\/wp\/v2\/media\/514289"}],"wp:attachment":[{"href":"http:\/\/desarrollo.grupomedios.com\/futbol\/wp-json\/wp\/v2\/media?parent=516061"}],"wp:term":[{"taxonomy":"category","embeddable":true,"href":"http:\/\/desarrollo.grupomedios.com\/futbol\/wp-json\/wp\/v2\/categories?post=516061"},{"taxonomy":"post_tag","embeddable":true,"href":"http:\/\/desarrollo.grupomedios.com\/futbol\/wp-json\/wp\/v2\/tags?post=516061"}],"curies":[{"name":"wp","href":"https:\/\/api.w.org\/{rel}","templated":true}]}}