{"id":516071,"date":"2018-01-29T10:37:06","date_gmt":"2018-01-29T16:37:06","guid":{"rendered":"https:\/\/www.futboltotal.com.mx\/?p=516071"},"modified":"2018-01-29T10:37:06","modified_gmt":"2018-01-29T16:37:06","slug":"porto-cede-a-miguel-layun-al-sevilla","status":"publish","type":"post","link":"http:\/\/desarrollo.grupomedios.com\/futbol\/destacado-home\/porto-cede-a-miguel-layun-al-sevilla\/2018\/01","title":{"rendered":"Porto cede a Miguel Lay\u00fan al Sevilla"},"content":{"rendered":"<p>El lateral mexicano <strong>Miguel Lay\u00fan<\/strong> ser\u00e1 jugador del <strong>Sevilla<\/strong> una vez pase el reconocimiento m\u00e9dico y despu\u00e9s del principio de acuerdo alcanzado entre el club sevillista y el <strong>Porto<\/strong> portugu\u00e9s de cesi\u00f3n con una opci\u00f3n de compra, inform\u00f3 este lunes la entidad andaluza.<\/p>\n<p>Miguel Lay\u00fan, lateral ambidiestro de 30 a\u00f1os, llegar\u00e1 este lunes a Sevilla para pasar ma\u00f1ana las pruebas m\u00e9dicas antes de incorporarse a la disciplina del conjunto entrenado por el italiano <strong>Vincenzo Montella<\/strong>.<\/p>\n<p>Lay\u00fan irrumpi\u00f3 en el f\u00fatbol profesional en los <strong>Tiburones de Veracruz<\/strong> y, en el verano de 2009, fich\u00f3 por el<strong> Atalanta de B\u00e9rgamo<\/strong> italiano, club en el que apenas tuvo oportunidades y del que regres\u00f3 al <strong>Am\u00e9rica<\/strong> de M\u00e9xico.<\/p>\n<p style=\"text-align: center;\"><span style=\"color: #3366ff;\"><a href=\"https:\/\/www.futboltotal.com.mx\/futbol-mexicano\/seleccion-mexicana\/mexico-otra-baja-amistoso-ante-bosnia\/2018\/01\">VER M\u00c1S: M\u00e9xico tiene otra baja para amistoso ante Bosnia<\/a><\/span><\/p>\n<p>https:\/\/twitter.com\/SevillaFC\/status\/958008475094847489<\/p>\n<p>En \u00e9ste, Lay\u00fan se consolid\u00f3 como futbolista de primer nivel. Jug\u00f3 cuatro a\u00f1os (2010 a 2014) en los que disput\u00f3 147 choques, marc\u00f3 17 goles y dio 10 asistencias; y consigui\u00f3 alzarse con el <strong>Torneo Clausura 2013<\/strong> y el <strong>Torneo Apertura 2014<\/strong> de la <strong>Liga MX<\/strong>.<\/p>\n<p>En enero de 2015, Lay\u00fan recal\u00f3 en el <strong>Watford<\/strong> ingl\u00e9s, con el que ascendi\u00f3 a la <strong>Premier League<\/strong>, si bien al comienzo de la 15\/16 se march\u00f3 al Oporto, en el que ha militado las dos \u00faltimas temporadas y media, y ha sumado 79 partidos, con 11 goles y 23 asistencias.<\/p>\n<p>Con su selecci\u00f3n, ha jugado un total de 60 partidos y ha disputado el Mundial de Brasil 2014, la Copa Confederaciones 2017 y dos <strong>Copas<\/strong> <strong>de Oro<\/strong> de Norteam\u00e9rica.<\/p>\n<p>Lay\u00fan es el segundo jugador nacido en <strong>M\u00e9xico<\/strong> que defiende la primera plantilla sevillista tras <strong>Gerardo Torrado<\/strong> (2002-2004), si bien <strong>Guido Pizarro<\/strong>, argentino, adquiri\u00f3 tambi\u00e9n la nacionalidad de ese pa\u00eds en 2015. EFE<\/p>\n","protected":false},"excerpt":{"rendered":"<p>El mexicano pasar\u00e1 el reconocimiento m\u00e9dico con los andaluces.<\/p>\n","protected":false},"author":129,"featured_media":513576,"comment_status":"closed","ping_status":"closed","sticky":false,"template":"","format":"standard","meta":[],"categories":[5,3839,3844],"tags":[6214,6114,1913,1035,1208,49],"_links":{"self":[{"href":"http:\/\/desarrollo.grupomedios.com\/futbol\/wp-json\/wp\/v2\/posts\/516071"}],"collection":[{"href":"http:\/\/desarrollo.grupomedios.com\/futbol\/wp-json\/wp\/v2\/posts"}],"about":[{"href":"http:\/\/desarrollo.grupomedios.com\/futbol\/wp-json\/wp\/v2\/types\/post"}],"author":[{"embeddable":true,"href":"http:\/\/desarrollo.grupomedios.com\/futbol\/wp-json\/wp\/v2\/users\/129"}],"replies":[{"embeddable":true,"href":"http:\/\/desarrollo.grupomedios.com\/futbol\/wp-json\/wp\/v2\/comments?post=516071"}],"version-history":[{"count":1,"href":"http:\/\/desarrollo.grupomedios.com\/futbol\/wp-json\/wp\/v2\/posts\/516071\/revisions"}],"predecessor-version":[{"id":516072,"href":"http:\/\/desarrollo.grupomedios.com\/futbol\/wp-json\/wp\/v2\/posts\/516071\/revisions\/516072"}],"wp:featuredmedia":[{"embeddable":true,"href":"http:\/\/desarrollo.grupomedios.com\/futbol\/wp-json\/wp\/v2\/media\/513576"}],"wp:attachment":[{"href":"http:\/\/desarrollo.grupomedios.com\/futbol\/wp-json\/wp\/v2\/media?parent=516071"}],"wp:term":[{"taxonomy":"category","embeddable":true,"href":"http:\/\/desarrollo.grupomedios.com\/futbol\/wp-json\/wp\/v2\/categories?post=516071"},{"taxonomy":"post_tag","embeddable":true,"href":"http:\/\/desarrollo.grupomedios.com\/futbol\/wp-json\/wp\/v2\/tags?post=516071"}],"curies":[{"name":"wp","href":"https:\/\/api.w.org\/{rel}","templated":true}]}}