{"id":516101,"date":"2018-01-29T16:45:56","date_gmt":"2018-01-29T22:45:56","guid":{"rendered":"https:\/\/www.futboltotal.com.mx\/?p=516101"},"modified":"2018-01-29T16:45:56","modified_gmt":"2018-01-29T22:45:56","slug":"layun-calidad-competir-lugar-en-sevilla-osorio","status":"publish","type":"post","link":"http:\/\/desarrollo.grupomedios.com\/futbol\/futbol-mexicano\/layun-calidad-competir-lugar-en-sevilla-osorio\/2018\/01","title":{"rendered":"&#8220;Lay\u00fan tiene calidad para competir por un lugar en el Sevilla&#8221;: Osorio"},"content":{"rendered":"<p>El <strong>seleccionador de M\u00e9xico<\/strong>, <strong>Juan Carlos Osorio<\/strong>, cree que el defensa <strong>Miguel Lay\u00fan<\/strong>, quien este lunes fue traspasado del <strong>Porto<\/strong> portugu\u00e9s al <strong>Sevilla<\/strong> espa\u00f1ol, tiene la calidad y la capacidad para competir por un puesto de titular.<\/p>\n<p>&#8220;Es una extraordinaria oportunidad. Hace dos d\u00edas habl\u00e9 con Miguel, me coment\u00f3 y yo le di mi punto de vista y para m\u00ed es una gran posibilidad&#8221;, dijo Osorio a periodistas.<\/p>\n<p>El colombiano relat\u00f3 que meses atr\u00e1s tuvo la oportunidad de presenciar algunos entrenamientos en el Sevilla y era claro que en el esquema t\u00e1ctico del argentino <strong>Jorge Sampaoli<\/strong> &#8220;se favorec\u00edan a un marcador y ese era el caso de su compatriota <strong>Gabriel Mercado<\/strong>, pero ahora al italiano <strong>Vicenzo Montella<\/strong> privilegia &#8220;y le gustan los laterales con llegada, por eso utiliz\u00f3 a <strong>Jes\u00fas Navas<\/strong> en esa posici\u00f3n&#8221;.<\/p>\n<p style=\"text-align: center;\"><span style=\"color: #3366ff;\"><a href=\"https:\/\/www.futboltotal.com.mx\/futbol-mexicano\/seleccion-mexicana\/mexico-otra-baja-amistoso-ante-bosnia\/2018\/01\">VER M\u00c1S: M\u00e9xico tiene otra baja para amistoso ante Bosnia<\/a><\/span><\/p>\n<p>&#8220;Con respeto para ambos (Mercado y Navas), Miguel les puede competir por la posici\u00f3n&#8221;, asegur\u00f3.<\/p>\n<p>Osorio se\u00f1al\u00f3 que el defensa mexicano llegar\u00e1 a un &#8220;club grande&#8221; que est\u00e1 en tres competiciones &#8220;y Miguel puede participar en dos; el equipo lo requiere, tiene inter\u00e9s en \u00e9l y (con ellos) tendr\u00e1 la posibilidad de competir por un puesto, lo que ser\u00eda bueno para \u00e9l y para la selecci\u00f3n&#8221;.<\/p>\n<p>Lay\u00fan, lateral ambidiestro de 30 a\u00f1os, lleg\u00f3 este lunes a Sevilla para pasar ma\u00f1ana las pruebas m\u00e9dicas antes de incorporarse a la disciplina del conjunto.<\/p>\n<p>Con Osorio al mando, M\u00e9xico jugar\u00e1 un amistoso el mi\u00e9rcoles ante <strong>Bosnia y Herzagovina<\/strong>, primero de seis antes de la <strong>Copa del Mundo Rusia 2018<\/strong>. EFE<\/p>\n<blockquote class=\"twitter-tweet\" data-data-dnt=\"true\">\n<p lang=\"es\" dir=\"ltr\">\ud83d\udeec <a href=\"https:\/\/twitter.com\/Miguel_layun?ref_src=twsrc%5Etfw\">@Miguel_layun<\/a> ya est\u00e1 en Sevilla<a href=\"https:\/\/twitter.com\/hashtag\/vamosmisevilla?src=hash&amp;ref_src=twsrc%5Etfw\">#vamosmisevilla<\/a> <a href=\"https:\/\/twitter.com\/hashtag\/SevillaFC?src=hash&amp;ref_src=twsrc%5Etfw\">#SevillaFC<\/a> <a href=\"https:\/\/t.co\/USeNhYXzCg\">pic.twitter.com\/USeNhYXzCg<\/a><\/p>\n<p>&mdash; Sevilla F\u00fatbol Club (@SevillaFC) <a href=\"https:\/\/twitter.com\/SevillaFC\/status\/958034719295275008?ref_src=twsrc%5Etfw\">January 29, 2018<\/a><\/p><\/blockquote>\n<p><script async src=\"https:\/\/platform.twitter.com\/widgets.js\" charset=\"utf-8\"><\/script><\/p>\n","protected":false},"excerpt":{"rendered":"<p>El t\u00e9cnico colombiano cree que Lay\u00fan ser\u00e1 de gran ayuda para el Sevilla.<\/p>\n","protected":false},"author":129,"featured_media":515387,"comment_status":"closed","ping_status":"closed","sticky":false,"template":"","format":"standard","meta":[],"categories":[2198,3847],"tags":[6214,6196,1035,1208,49],"_links":{"self":[{"href":"http:\/\/desarrollo.grupomedios.com\/futbol\/wp-json\/wp\/v2\/posts\/516101"}],"collection":[{"href":"http:\/\/desarrollo.grupomedios.com\/futbol\/wp-json\/wp\/v2\/posts"}],"about":[{"href":"http:\/\/desarrollo.grupomedios.com\/futbol\/wp-json\/wp\/v2\/types\/post"}],"author":[{"embeddable":true,"href":"http:\/\/desarrollo.grupomedios.com\/futbol\/wp-json\/wp\/v2\/users\/129"}],"replies":[{"embeddable":true,"href":"http:\/\/desarrollo.grupomedios.com\/futbol\/wp-json\/wp\/v2\/comments?post=516101"}],"version-history":[{"count":1,"href":"http:\/\/desarrollo.grupomedios.com\/futbol\/wp-json\/wp\/v2\/posts\/516101\/revisions"}],"predecessor-version":[{"id":516106,"href":"http:\/\/desarrollo.grupomedios.com\/futbol\/wp-json\/wp\/v2\/posts\/516101\/revisions\/516106"}],"wp:featuredmedia":[{"embeddable":true,"href":"http:\/\/desarrollo.grupomedios.com\/futbol\/wp-json\/wp\/v2\/media\/515387"}],"wp:attachment":[{"href":"http:\/\/desarrollo.grupomedios.com\/futbol\/wp-json\/wp\/v2\/media?parent=516101"}],"wp:term":[{"taxonomy":"category","embeddable":true,"href":"http:\/\/desarrollo.grupomedios.com\/futbol\/wp-json\/wp\/v2\/categories?post=516101"},{"taxonomy":"post_tag","embeddable":true,"href":"http:\/\/desarrollo.grupomedios.com\/futbol\/wp-json\/wp\/v2\/tags?post=516101"}],"curies":[{"name":"wp","href":"https:\/\/api.w.org\/{rel}","templated":true}]}}