{"id":516107,"date":"2018-01-29T17:00:41","date_gmt":"2018-01-29T23:00:41","guid":{"rendered":"https:\/\/www.futboltotal.com.mx\/?p=516107"},"modified":"2018-01-29T17:00:41","modified_gmt":"2018-01-29T23:00:41","slug":"confirman-fecha-canelo-vs-golovkin-2","status":"publish","type":"post","link":"http:\/\/desarrollo.grupomedios.com\/futbol\/no-todo-es-futbol\/confirman-fecha-canelo-vs-golovkin-2\/2018\/01","title":{"rendered":"Confirman fecha para Canelo vs Golovkin 2"},"content":{"rendered":"<p>El excampe\u00f3n del mundo y ahora promotor de boxeo, el estadounidense <strong>Oscar de la Hoya<\/strong> anunci\u00f3 hoy el segundo combate entre el mexicano Sa\u00fal <strong>&#8216;Canelo&#8217; Alvarez<\/strong> y el kazako <strong>Gennady Golovkin<\/strong> para el 5 de mayo, aunque no precis\u00f3 la sede del combate.<\/p>\n<p>El fundador y hombre fuerte de la empresa <strong>Golden Boy Promotions<\/strong> aprovech\u00f3 Twitter para hacer informar sobre el pleito.<\/p>\n<p>&#8220;El evento m\u00e1s grande del boxeo de 2018 es oficial! CaneloGGG2 Espero que veamos a\u00fan m\u00e1s fuegos artificiales. #5 de Mayo&#8221;, escribi\u00f3 De la Hoya.<\/p>\n<p style=\"text-align: center;\"><span style=\"color: #3366ff;\"><a href=\"https:\/\/www.futboltotal.com.mx\/otros-deportes\/roger-federer-gana-abierto-australia-llega-a-20-grand-slam\/2018\/01\">VER M\u00c1S: Roger Federer gana el Abierto de Australia y llega a 20 Grand Slam<\/a><\/span><\/p>\n<blockquote class=\"twitter-tweet\" data-width=\"500\">\n<p lang=\"en\" dir=\"ltr\">Boxing\u2019s biggest event of 2018 is official! <a href=\"https:\/\/twitter.com\/hashtag\/CaneloGGG2?src=hash&amp;ref_src=twsrc%5Etfw\">#CaneloGGG2<\/a> I expect we will see even more fireworks. <a href=\"https:\/\/twitter.com\/hashtag\/May5?src=hash&amp;ref_src=twsrc%5Etfw\">#May5<\/a> <a href=\"https:\/\/t.co\/r7KA6APlDl\">pic.twitter.com\/r7KA6APlDl<\/a><\/p>\n<p>&mdash; Oscar De La Hoya (@OscarDeLaHoya) <a href=\"https:\/\/twitter.com\/OscarDeLaHoya\/status\/958078752738615297?ref_src=twsrc%5Etfw\">January 29, 2018<\/a><\/p><\/blockquote>\n<p><script async src=\"https:\/\/platform.twitter.com\/widgets.js\" charset=\"utf-8\"><\/script><\/p>\n<p>Golovkin y \u00c1lvarez protagonizaron una gran pelea el 16 de septiembre, la cual termin\u00f3 en empate, un veredicto controvertido por parte de los jueces, el cual gener\u00f3 un nuevo esc\u00e1ndalo en el mundo del boxeo.<\/p>\n<p>Con el resultado, el kazako retuvo los t\u00edtulos de campe\u00f3n del peso mediano versiones Federaci\u00f3n Internacional de Boxeo (FIB), Asociaci\u00f3n Mundial (AMB) y Consejo Mundial (CMB) y ahora en el segundo combate ambos buscar\u00e1n definir quien es el mejor boxeador de peso mediano de la actualidad.<\/p>\n<p>Golovkin, de 35 a\u00f1os, tiene una marca de 37-0-1, con 33 noc\u00e1uts y \u00c1lvarez, de 27 a\u00f1os, dej\u00f3 su hoja de servicios en 49-1-2, 34 triunfos por la v\u00eda r\u00e1pida. EFE<\/p>\n","protected":false},"excerpt":{"rendered":"<p>Oscar de la Hoya anunci\u00f3 hoy el segundo combate.<\/p>\n","protected":false},"author":129,"featured_media":501376,"comment_status":"closed","ping_status":"closed","sticky":false,"template":"","format":"standard","meta":[],"categories":[5418,6411],"tags":[11682,5936,10230],"_links":{"self":[{"href":"http:\/\/desarrollo.grupomedios.com\/futbol\/wp-json\/wp\/v2\/posts\/516107"}],"collection":[{"href":"http:\/\/desarrollo.grupomedios.com\/futbol\/wp-json\/wp\/v2\/posts"}],"about":[{"href":"http:\/\/desarrollo.grupomedios.com\/futbol\/wp-json\/wp\/v2\/types\/post"}],"author":[{"embeddable":true,"href":"http:\/\/desarrollo.grupomedios.com\/futbol\/wp-json\/wp\/v2\/users\/129"}],"replies":[{"embeddable":true,"href":"http:\/\/desarrollo.grupomedios.com\/futbol\/wp-json\/wp\/v2\/comments?post=516107"}],"version-history":[{"count":1,"href":"http:\/\/desarrollo.grupomedios.com\/futbol\/wp-json\/wp\/v2\/posts\/516107\/revisions"}],"predecessor-version":[{"id":516108,"href":"http:\/\/desarrollo.grupomedios.com\/futbol\/wp-json\/wp\/v2\/posts\/516107\/revisions\/516108"}],"wp:featuredmedia":[{"embeddable":true,"href":"http:\/\/desarrollo.grupomedios.com\/futbol\/wp-json\/wp\/v2\/media\/501376"}],"wp:attachment":[{"href":"http:\/\/desarrollo.grupomedios.com\/futbol\/wp-json\/wp\/v2\/media?parent=516107"}],"wp:term":[{"taxonomy":"category","embeddable":true,"href":"http:\/\/desarrollo.grupomedios.com\/futbol\/wp-json\/wp\/v2\/categories?post=516107"},{"taxonomy":"post_tag","embeddable":true,"href":"http:\/\/desarrollo.grupomedios.com\/futbol\/wp-json\/wp\/v2\/tags?post=516107"}],"curies":[{"name":"wp","href":"https:\/\/api.w.org\/{rel}","templated":true}]}}