{"id":516128,"date":"2018-01-30T08:43:50","date_gmt":"2018-01-30T14:43:50","guid":{"rendered":"https:\/\/www.futboltotal.com.mx\/?p=516128"},"modified":"2018-01-30T08:43:50","modified_gmt":"2018-01-30T14:43:50","slug":"alan-pulido-vale-mas-que-adnre-pierre-gignac","status":"publish","type":"post","link":"http:\/\/desarrollo.grupomedios.com\/futbol\/futbol-mexicano\/alan-pulido-vale-mas-que-adnre-pierre-gignac\/2018\/01","title":{"rendered":"\u00bfAlan Pulido vale m\u00e1s que Andr\u00e9-Pierre Gignac?"},"content":{"rendered":"<p>El due\u00f1o de <strong>Chivas de Guadalajara,<\/strong> <strong>Jorge Vergara<\/strong> indic\u00f3 que el gasto que hace su equipo no tiene comparaci\u00f3n con respecto a lo que realiza cualquier otro equipo de la <strong>Liga MX<\/strong>, pues indica que a ellos siempre les venden m\u00e1s caro, algo que considera injusto pero manifest\u00f3 que esa es la realidad del mercado.<\/p>\n<p><mark>&#8220;Yo pagu\u00e9 tres veces m\u00e1s por\u00a0<strong>Pulido\u00a0<\/strong>de lo que ellos pagaron por\u00a0<strong>Gignac<\/strong>.<\/mark> Esta es la realidad del\u00a0mercado, a\u00a0<strong>Chivas\u00a0<\/strong>le venden m\u00e1s caro de lo que le venden a otros\u00a0<strong>equipos<\/strong>&#8220;, expres\u00f3 en una entrevista realizada por espn. De igual forma manifest\u00f3 que hicieron un esfuerzo por repatriar a varios mexicanos con la intenci\u00f3n que fueran sus refuerzos para este Clausura 2018.<\/p>\n<p style=\"text-align: center;\"><a href=\"https:\/\/www.futboltotal.com.mx\/futbol-mexicano\/liga-mx\/jugador-bosnia-herzegovina-jugo-en-la-liga-mx\/2018\/01\">VER M\u00c1S: El jugador de Bosnia y Herzegovina que jug\u00f3 en la Liga MX<\/a><\/p>\n<p>&#8220;Lo podemos hacer, el problema es que de las peticiones de\u00a0<strong>Mat\u00edas\u00a0<\/strong>para esta temporada te los pon\u00edan invendibles. <mark>Nos pidi\u00f3 refuerzos, a\u00a0<strong>Vela\u00a0<\/strong>se le ofreci\u00f3, pero no quiso venir a\u00a0<strong>M\u00e9xico<\/strong><\/mark>&#8220;, indic\u00f3. &#8220;Intentamos con H\u00e9ctor Moreno tambi\u00e9n. Est\u00e1 viviendo a gusto en Roma, aunque<mark> en la banca de la Roma<\/mark>&#8220;, manifest\u00f3 el directivo.<\/p>\n<p>Al respecto del inter\u00e9s por <strong>Javier &#8216;Chicharito&#8217; Hern\u00e1ndez<\/strong> el propio estratega <strong>Mat\u00edas Almeyda<\/strong> indic\u00f3 que habl\u00f3 personalmente con el; &#8220;Habl\u00e9 con \u00e9l (Chicharito) y<mark> le dije que con nuestro sistema iba a anotar un mont\u00f3n de goles en seis meses<\/mark> y llegar\u00eda giradito al Mundial&#8221;, sin embargo el delantero decidi\u00f3 quedarse en Europa.<\/p>\n<p style=\"text-align: center;\"><a href=\"https:\/\/www.futboltotal.com.mx\/futbol-mexicano\/liga-mx\/2-ex-canteranos-de-pumas-llegan-al-futbol-espana\/2018\/01\">VER M\u00c1S: 2 ex canteranos de Pumas llegan al futbol de Espa\u00f1a<\/a><\/p>\n","protected":false},"excerpt":{"rendered":"<p>El due\u00f1o de Chivas, Jorge Vergara manifest\u00f3 que siempre le venden m\u00e1s caro a su equipo<\/p>\n","protected":false},"author":159,"featured_media":516129,"comment_status":"closed","ping_status":"closed","sticky":false,"template":"","format":"standard","meta":[],"categories":[2198,3845],"tags":[1607,5564,70,243,64],"_links":{"self":[{"href":"http:\/\/desarrollo.grupomedios.com\/futbol\/wp-json\/wp\/v2\/posts\/516128"}],"collection":[{"href":"http:\/\/desarrollo.grupomedios.com\/futbol\/wp-json\/wp\/v2\/posts"}],"about":[{"href":"http:\/\/desarrollo.grupomedios.com\/futbol\/wp-json\/wp\/v2\/types\/post"}],"author":[{"embeddable":true,"href":"http:\/\/desarrollo.grupomedios.com\/futbol\/wp-json\/wp\/v2\/users\/159"}],"replies":[{"embeddable":true,"href":"http:\/\/desarrollo.grupomedios.com\/futbol\/wp-json\/wp\/v2\/comments?post=516128"}],"version-history":[{"count":1,"href":"http:\/\/desarrollo.grupomedios.com\/futbol\/wp-json\/wp\/v2\/posts\/516128\/revisions"}],"predecessor-version":[{"id":516130,"href":"http:\/\/desarrollo.grupomedios.com\/futbol\/wp-json\/wp\/v2\/posts\/516128\/revisions\/516130"}],"wp:featuredmedia":[{"embeddable":true,"href":"http:\/\/desarrollo.grupomedios.com\/futbol\/wp-json\/wp\/v2\/media\/516129"}],"wp:attachment":[{"href":"http:\/\/desarrollo.grupomedios.com\/futbol\/wp-json\/wp\/v2\/media?parent=516128"}],"wp:term":[{"taxonomy":"category","embeddable":true,"href":"http:\/\/desarrollo.grupomedios.com\/futbol\/wp-json\/wp\/v2\/categories?post=516128"},{"taxonomy":"post_tag","embeddable":true,"href":"http:\/\/desarrollo.grupomedios.com\/futbol\/wp-json\/wp\/v2\/tags?post=516128"}],"curies":[{"name":"wp","href":"https:\/\/api.w.org\/{rel}","templated":true}]}}