{"id":516131,"date":"2018-01-30T09:12:37","date_gmt":"2018-01-30T15:12:37","guid":{"rendered":"https:\/\/www.futboltotal.com.mx\/?p=516131"},"modified":"2018-01-30T09:12:37","modified_gmt":"2018-01-30T15:12:37","slug":"sevilla-le-da-la-bienvenida-a-miguel-layun","status":"publish","type":"post","link":"http:\/\/desarrollo.grupomedios.com\/futbol\/destacado-home\/sevilla-le-da-la-bienvenida-a-miguel-layun\/2018\/01","title":{"rendered":"Sevilla le da la bienvenida a Miguel Lay\u00fan"},"content":{"rendered":"<p>Luego que llegara a un acuerdo con el <strong>FC Porto<\/strong>, el <strong>Sevilla FC<\/strong> le dio la bienvenida al lateral mexicano, <strong>Miguel Lay\u00fan<\/strong> quien a partir de este martes comenzar\u00e1 a defender al equipo espa\u00f1ol, despu\u00e9s de los\u00a0seis meses con los que estar\u00e1 a\u00a0pr\u00e9stamo tendr\u00e1 la posibilidad de renovar.<\/p>\n<p>\u201c<mark>Nunca he escatimado en los sue\u00f1os y aspiraciones a nivel personal. Mi objetivo es luchar, s\u00e9 que hay jugadores de mucha calidad, pero quiero aportar lo que pueda, aprender de todos ellos y hacer mi mejor versi\u00f3n d\u00eda a d\u00eda<\/mark>. Aspirar a jugar lo m\u00e1s posible, lograr convencer a la gente y que esto pueda ser una historia a largo plazo\u201d, indic\u00f3 el mexicano, quien desea quedarse por un periodo m\u00e1s largo.<\/p>\n<p style=\"text-align: center;\"><a href=\"https:\/\/www.futboltotal.com.mx\/futbol-mexicano\/liga-mx\/alan-pulido-vale-mas-que-adnre-pierre-gignac\/2018\/01\">VER M\u00c1S: \u00bfAlan Pulido vale m\u00e1s que Andr\u00e9-Pierre Gignac?<\/a><\/p>\n<p>Por otro lado destac\u00f3 su labor dentro del terreno de juego, donde puede desenvolverse en distintas posiciones; \u201cJuego de lateral izquierdo, tambi\u00e9n derecho\u2026 <mark>Principalmente en los laterales es donde me desempe\u00f1o, pero tambi\u00e9n he jugado en otras posiciones, incluso me toc\u00f3 jugar una eliminatoria contra el Dortmund como central<\/mark>\u2026 La adaptaci\u00f3n a todas las posiciones es algo que me ha caracterizado a lo largo de toda mi carrera. Sobre todo me siento m\u00e1s c\u00f3modo en las bandas, que es mi h\u00e1bitat\u201d.<\/p>\n<p><iframe loading=\"lazy\" src=\"https:\/\/www.youtube.com\/embed\/TZN4yebkfKQ\" frameborder=\"0\" allowfullscreen=\"allowfullscreen\"><\/iframe><\/p>\n<p><strong>SEVILLA SE EQUIVOC\u00d3 CON LA BANDERA MEXICANA<\/strong><\/p>\n<p>Por otro lado, el cuadro de Sevilla en el tweet que le dio bienvenida al mexicano tuvo un peque\u00f1o error en la bandera mexicana luego que puso los colores al rev\u00e9s, es decir cambi\u00f3 de lugar el rojo y verde. Momentos despu\u00e9s pidi\u00f3 disculpas y corrigi\u00f3 el error que hab\u00eda tenido. <mark>&#8220;Pedimos disculpas a todos los mexicanos por el error en la imagen de su bandera&#8221;<\/mark>, escribieron en sus redes sociales.<\/p>\n<blockquote class=\"twitter-tweet\" data-lang=\"es\">\n<p dir=\"ltr\" lang=\"es\">Pedimos disculpas &#x1f64f;&#x1f3fd; &#x1f64f;&#x1f3fd; &#x1f64f;&#x1f3fd; a todos los mexicanos &#x1f1f2;&#x1f1fd; por el error en la imagen de su bandera <a href=\"https:\/\/t.co\/O2ZrRePhza\">pic.twitter.com\/O2ZrRePhza<\/a><\/p>\n<p>\u2014 Sevilla F\u00fatbol Club (@SevillaFC) <a href=\"https:\/\/twitter.com\/SevillaFC\/status\/958350877382733824?ref_src=twsrc%5Etfw\">30 de enero de 2018<\/a><\/p><\/blockquote>\n<p><script async src=\"https:\/\/platform.twitter.com\/widgets.js\" charset=\"utf-8\"><\/script><\/p>\n<p><img decoding=\"async\" loading=\"lazy\" class=\"aligncenter size-full wp-image-516132\" src=\"https:\/\/www.futboltotal.com.mx\/wp-content\/uploads\/2018\/01\/miguel-layun-sevilla-bandera.jpg\" alt=\"Sevilla le da la bienvenida a Miguel Lay\u00fan 0\" srcset=\"http:\/\/desarrollo.grupomedios.com\/futbol\/wp-content\/uploads\/2018\/01\/miguel-layun-sevilla-bandera.jpg 648w, http:\/\/desarrollo.grupomedios.com\/futbol\/wp-content\/uploads\/2018\/01\/miguel-layun-sevilla-bandera-300x258.jpg 300w\" sizes=\"(max-width: 648px) 100vw, 648px\" \/><\/p>\n<p style=\"text-align: center;\"><a href=\"https:\/\/www.futboltotal.com.mx\/futbol-mexicano\/liga-mx\/jugador-bosnia-herzegovina-jugo-en-la-liga-mx\/2018\/01\">VER M\u00c1S: El jugador de Bosnia y Herzegovina que jug\u00f3 en la Liga MX<\/a><\/p>\n<p>&nbsp;<\/p>\n","protected":false},"excerpt":{"rendered":"<p>El lateral mexicano tendr\u00e1 una nueva oportunidad en el futbol del Viejo Continente<\/p>\n","protected":false},"author":159,"featured_media":516133,"comment_status":"closed","ping_status":"closed","sticky":false,"template":"","format":"standard","meta":[],"categories":[5,3839,3844],"tags":[253,6114,1035,49],"_links":{"self":[{"href":"http:\/\/desarrollo.grupomedios.com\/futbol\/wp-json\/wp\/v2\/posts\/516131"}],"collection":[{"href":"http:\/\/desarrollo.grupomedios.com\/futbol\/wp-json\/wp\/v2\/posts"}],"about":[{"href":"http:\/\/desarrollo.grupomedios.com\/futbol\/wp-json\/wp\/v2\/types\/post"}],"author":[{"embeddable":true,"href":"http:\/\/desarrollo.grupomedios.com\/futbol\/wp-json\/wp\/v2\/users\/159"}],"replies":[{"embeddable":true,"href":"http:\/\/desarrollo.grupomedios.com\/futbol\/wp-json\/wp\/v2\/comments?post=516131"}],"version-history":[{"count":1,"href":"http:\/\/desarrollo.grupomedios.com\/futbol\/wp-json\/wp\/v2\/posts\/516131\/revisions"}],"predecessor-version":[{"id":516134,"href":"http:\/\/desarrollo.grupomedios.com\/futbol\/wp-json\/wp\/v2\/posts\/516131\/revisions\/516134"}],"wp:featuredmedia":[{"embeddable":true,"href":"http:\/\/desarrollo.grupomedios.com\/futbol\/wp-json\/wp\/v2\/media\/516133"}],"wp:attachment":[{"href":"http:\/\/desarrollo.grupomedios.com\/futbol\/wp-json\/wp\/v2\/media?parent=516131"}],"wp:term":[{"taxonomy":"category","embeddable":true,"href":"http:\/\/desarrollo.grupomedios.com\/futbol\/wp-json\/wp\/v2\/categories?post=516131"},{"taxonomy":"post_tag","embeddable":true,"href":"http:\/\/desarrollo.grupomedios.com\/futbol\/wp-json\/wp\/v2\/tags?post=516131"}],"curies":[{"name":"wp","href":"https:\/\/api.w.org\/{rel}","templated":true}]}}