{"id":516141,"date":"2018-01-30T10:19:24","date_gmt":"2018-01-30T16:19:24","guid":{"rendered":"https:\/\/www.futboltotal.com.mx\/?p=516141"},"modified":"2018-01-30T10:19:24","modified_gmt":"2018-01-30T16:19:24","slug":"miguel-layun-se-quiere-quedar-mucho-tiempo-en-sevilla","status":"publish","type":"post","link":"http:\/\/desarrollo.grupomedios.com\/futbol\/futbol-internacional\/miguel-layun-se-quiere-quedar-mucho-tiempo-en-sevilla\/2018\/01","title":{"rendered":"Miguel Lay\u00fan se quiere quedar mucho tiempo en el Sevilla"},"content":{"rendered":"<p>El lateral internacional mexicano <strong>Miguel Lay\u00fan<\/strong>, cedido con opci\u00f3n de compra al <strong>Sevilla<\/strong> por el <strong>Porto<\/strong> portugu\u00e9s, afirm\u00f3 que con su llegada al club hispalense aspira &#8220;a jugar lo m\u00e1s posible, lograr convencer a la gente y que esto pueda ser una historia a largo plazo&#8221;.<\/p>\n<p>Tras pasar este martes las pruebas m\u00e9dicas y firmar el contrato con su nuevo club, el polivalente defensa mexicano dijo a los medios oficiales del Sevilla que espera poder seguir en el equipo andaluz, despu\u00e9s de que finalice su cesi\u00f3n en junio, y que \u00e9l &#8220;nunca&#8221; ha &#8220;escatimado en los sue\u00f1os y aspiraciones a nivel personal&#8221;.<\/p>\n<p>&#8220;Mi objetivo es luchar, s\u00e9 que hay jugadores de mucha calidad, pero quiero aportar lo que pueda, aprender de todos ellos y hacer mi mejor versi\u00f3n d\u00eda a d\u00eda&#8221;, recalc\u00f3 Layun, nacido en C\u00f3rdoba (Estado de Veracruz) el 25 de junio de 1988.<\/p>\n<p style=\"text-align: center;\"><span style=\"color: #3366ff;\"><a href=\"https:\/\/www.futboltotal.com.mx\/futbol-internacional\/liga-de-espana\/sevilla-le-da-la-bienvenida-a-miguel-layun\/2018\/01\">VER M\u00c1S: Sevilla le da la bienvenida a Miguel Lay\u00fan<\/a><\/span><\/p>\n<blockquote class=\"twitter-tweet\" data-data-dnt=\"true\">\n<p lang=\"es\" dir=\"ltr\">Orgulloso, agradecido y feliz de estar en Sevilla \ud83d\udc4f\ud83c\udffd<a href=\"https:\/\/twitter.com\/hashtag\/BienvenidoLayun?src=hash&amp;ref_src=twsrc%5Etfw\">#BienvenidoLayun<\/a> <a href=\"https:\/\/t.co\/6x57N2pRse\">pic.twitter.com\/6x57N2pRse<\/a><\/p>\n<p>&mdash; Sevilla F\u00fatbol Club (@SevillaFC) <a href=\"https:\/\/twitter.com\/SevillaFC\/status\/958363471581728768?ref_src=twsrc%5Etfw\">January 30, 2018<\/a><\/p><\/blockquote>\n<p><script async src=\"https:\/\/platform.twitter.com\/widgets.js\" charset=\"utf-8\"><\/script><\/p>\n<p>El nuevo refuerzo sevillista se defini\u00f3 como un futbolista polivalente, que juega tanto de lateral derecho como de izquierdo y se siente &#8220;m\u00e1s c\u00f3modo en las bandas&#8221;, que es su &#8220;h\u00e1bitat&#8221;, aunque &#8220;la adaptaci\u00f3n a todas las posiciones es algo&#8221; que le ha &#8220;caracterizado&#8221; en toda sus carrera, pues record\u00f3 que incluso jug\u00f3 &#8220;una eliminatoria contra el<strong> Dortmund<\/strong> como central&#8221;.<\/p>\n<p>Sobre sus desaf\u00edos en el Sevilla, subray\u00f3 que su reto es acabar &#8220;de la mejor manera el campeonato&#8221;, ya que &#8220;hay objetivos que, como club grande&#8221;, le &#8220;quedan claros sin haber entablado conversaci\u00f3n con la gente, que es aspirar a los lugares de <strong>Champions<\/strong>, que es el sitio donde este club merece y quiere estar&#8221;.<\/p>\n<p style=\"text-align: center;\"><span style=\"color: #3366ff;\"><a href=\"https:\/\/www.futboltotal.com.mx\/futbol-mexicano\/liga-mx\/fue-malo-silvio-romero-paso-america\/2018\/01\">VER M\u00c1S: &#8220;No fue tan malo\u201d, Silvio Romero sobre su paso por Am\u00e9rica<\/a><\/span><\/p>\n<p>El mexicano indic\u00f3 que, adem\u00e1s de estar inmerso en los octavos de final de la <strong>Champions League<\/strong> ante el <strong>Manchester United<\/strong>, su nuevo equipo tambi\u00e9n afronta ahora &#8220;una semifinal en la <strong>Copa del Rey<\/strong>&#8221; frente al <strong>Legan\u00e9s<\/strong>, &#8220;que, sin duda, es un t\u00edtulo que todos vamos a querer ganar, y ojal\u00e1 podamos lograr esos objetivos&#8221;, resalt\u00f3.<\/p>\n<p>Miguel Lay\u00fan, de 29 a\u00f1os, tambi\u00e9n expres\u00f3 su deseo de vivir el ambiente del estadio Ram\u00f3n S\u00e1nchez Pizju\u00e1n, por lo que le han comentado algunos compa\u00f1eros como el portero espa\u00f1ol del Oporto Iker Casillas, y asegur\u00f3 que &#8220;el Sevilla F\u00fatbol Club en Mexico es un club con mucho nombre, muy reconocido por todos&#8221;.<\/p>\n<p>A\u00f1adi\u00f3 que, por lo que ha conversado con Casillas y con otros compa\u00f1eros, tiene &#8220;curiosidad&#8221; por &#8220;conocer el ambiente en casa&#8221;, pues le han dicho que &#8220;es espectacular&#8221; y por ello est\u00e1 &#8220;ansioso de vivirlo en carne propia&#8221;.<\/p>\n<p>En este sentido, Iker Casillas, su compa\u00f1ero en el Oporto y buen amigo de Lay\u00fan, le ha deseado lo mejor en un mensaje en Twitter. &#8220;Vas a un gran club, a una ciudad preciosa y a una liga considerada como la mejor! Suerte, m\u00e1quina, y a por todas!!&#8221;, se\u00f1ala el portero.<\/p>\n<p>El internacional mexicano, que antes jug\u00f3 en el Tiburones de Veracruz de su pa\u00eds, Atalanta italiano, Am\u00e9rica de M\u00e9xico y Watford ingl\u00e9s, busca tener m\u00e1s continuidad y minutos de juego en el Sevilla para poder disputar con el &#8216;Tricolor&#8217; el Mundial de Rusia 2018. EFE<\/p>\n","protected":false},"excerpt":{"rendered":"<p>El mexicano se dijo contento por haber llegado al conjunto andaluz.<\/p>\n","protected":false},"author":129,"featured_media":513325,"comment_status":"closed","ping_status":"closed","sticky":false,"template":"","format":"standard","meta":[],"categories":[3839,3844],"tags":[6214,6114,1035,49],"_links":{"self":[{"href":"http:\/\/desarrollo.grupomedios.com\/futbol\/wp-json\/wp\/v2\/posts\/516141"}],"collection":[{"href":"http:\/\/desarrollo.grupomedios.com\/futbol\/wp-json\/wp\/v2\/posts"}],"about":[{"href":"http:\/\/desarrollo.grupomedios.com\/futbol\/wp-json\/wp\/v2\/types\/post"}],"author":[{"embeddable":true,"href":"http:\/\/desarrollo.grupomedios.com\/futbol\/wp-json\/wp\/v2\/users\/129"}],"replies":[{"embeddable":true,"href":"http:\/\/desarrollo.grupomedios.com\/futbol\/wp-json\/wp\/v2\/comments?post=516141"}],"version-history":[{"count":1,"href":"http:\/\/desarrollo.grupomedios.com\/futbol\/wp-json\/wp\/v2\/posts\/516141\/revisions"}],"predecessor-version":[{"id":516145,"href":"http:\/\/desarrollo.grupomedios.com\/futbol\/wp-json\/wp\/v2\/posts\/516141\/revisions\/516145"}],"wp:featuredmedia":[{"embeddable":true,"href":"http:\/\/desarrollo.grupomedios.com\/futbol\/wp-json\/wp\/v2\/media\/513325"}],"wp:attachment":[{"href":"http:\/\/desarrollo.grupomedios.com\/futbol\/wp-json\/wp\/v2\/media?parent=516141"}],"wp:term":[{"taxonomy":"category","embeddable":true,"href":"http:\/\/desarrollo.grupomedios.com\/futbol\/wp-json\/wp\/v2\/categories?post=516141"},{"taxonomy":"post_tag","embeddable":true,"href":"http:\/\/desarrollo.grupomedios.com\/futbol\/wp-json\/wp\/v2\/tags?post=516141"}],"curies":[{"name":"wp","href":"https:\/\/api.w.org\/{rel}","templated":true}]}}