{"id":516142,"date":"2018-01-30T10:13:06","date_gmt":"2018-01-30T16:13:06","guid":{"rendered":"https:\/\/www.futboltotal.com.mx\/?p=516142"},"modified":"2018-01-30T10:13:06","modified_gmt":"2018-01-30T16:13:06","slug":"rayados-esta-a-paso-tener-refuerzo-argentino","status":"publish","type":"post","link":"http:\/\/desarrollo.grupomedios.com\/futbol\/futbol-mexicano\/rayados-esta-a-paso-tener-refuerzo-argentino\/2018\/01","title":{"rendered":"Rayados est\u00e1 a un paso de tener refuerzo argentino"},"content":{"rendered":"<p>Los <strong>Rayados de Monterrey<\/strong> est\u00e1n a unas horas de consumar un refuerzo para el presente <strong>Clausura 2018,<\/strong> el futbolista argentino,<strong>\u00a0Lucas Albertengo e<\/strong>st\u00e1 en espera de tomar la decisi\u00f3n junto a su familia y poner rumbo al futbol mexicano. El futbolista es jugador de<strong> Independiente de Avellaneda.<\/strong><\/p>\n<p>De acuerdo al medio argentino TyC Sports el cuadro argentino acord\u00f3 el monto por un <strong>pr\u00e9stamo por un a\u00f1o<\/strong> y tendr\u00e1n una opci\u00f3n de compra que rondar\u00eda los\u00a0<strong>cinco o seis millones de d\u00f3lares<\/strong>, este \u00faltimo detalle ser\u00eda el que est\u00e1 en duda para completar la transacci\u00f3n, pero es pr\u00e1cticamente un hecho que llegar\u00e1 a jugar a M\u00e9xico.<\/p>\n<p style=\"text-align: center;\"><a href=\"https:\/\/www.futboltotal.com.mx\/futbol-mexicano\/liga-mx\/alan-pulido-vale-mas-que-adnre-pierre-gignac\/2018\/01\">VER M\u00c1S: \u00bfAlan Pulido vale m\u00e1s que Andr\u00e9-Pierre Gignac?<\/a><\/p>\n<p>Apenas el atacante fue titular en la derrota de su actual equipo ante Estudiantes de la Plata por la Superliga de Argentina, pero el acuerdo del contrato con el futbolista ya est\u00e1 hablado, por lo que sabe las condiciones del mismo para llegar al balompi\u00e9 azteca.<\/p>\n<blockquote class=\"twitter-tweet\" data-lang=\"es\">\n<p dir=\"ltr\" lang=\"es\">\u00daLTIMA NOTICIA: Lucas Albertengo ser\u00e1 transferido a Rayados de Monterrey. <a href=\"https:\/\/t.co\/IKQeMY9jRb\">pic.twitter.com\/IKQeMY9jRb<\/a><\/p>\n<p>\u2014 Sportia (@Sportia) <a href=\"https:\/\/twitter.com\/Sportia\/status\/958360690137251841?ref_src=twsrc%5Etfw\">30 de enero de 2018<\/a><\/p><\/blockquote>\n<p><script async src=\"https:\/\/platform.twitter.com\/widgets.js\" charset=\"utf-8\"><\/script><\/p>\n<p style=\"text-align: center;\"><a href=\"https:\/\/www.futboltotal.com.mx\/futbol-mexicano\/liga-mx\/jugador-bosnia-herzegovina-jugo-en-la-liga-mx\/2018\/01\">VER M\u00c1S: El jugador de Bosnia y Herzegovina que jug\u00f3 en la Liga MX<\/a><\/p>\n<p>&nbsp;<\/p>\n","protected":false},"excerpt":{"rendered":"<p>El cuadro de Monterrey tendr\u00eda a un delantero en pr\u00e9stamo por un a\u00f1o<\/p>\n","protected":false},"author":159,"featured_media":516143,"comment_status":"closed","ping_status":"closed","sticky":false,"template":"","format":"standard","meta":[],"categories":[2198,3845],"tags":[9028,169,64,11684,1329],"_links":{"self":[{"href":"http:\/\/desarrollo.grupomedios.com\/futbol\/wp-json\/wp\/v2\/posts\/516142"}],"collection":[{"href":"http:\/\/desarrollo.grupomedios.com\/futbol\/wp-json\/wp\/v2\/posts"}],"about":[{"href":"http:\/\/desarrollo.grupomedios.com\/futbol\/wp-json\/wp\/v2\/types\/post"}],"author":[{"embeddable":true,"href":"http:\/\/desarrollo.grupomedios.com\/futbol\/wp-json\/wp\/v2\/users\/159"}],"replies":[{"embeddable":true,"href":"http:\/\/desarrollo.grupomedios.com\/futbol\/wp-json\/wp\/v2\/comments?post=516142"}],"version-history":[{"count":1,"href":"http:\/\/desarrollo.grupomedios.com\/futbol\/wp-json\/wp\/v2\/posts\/516142\/revisions"}],"predecessor-version":[{"id":516144,"href":"http:\/\/desarrollo.grupomedios.com\/futbol\/wp-json\/wp\/v2\/posts\/516142\/revisions\/516144"}],"wp:featuredmedia":[{"embeddable":true,"href":"http:\/\/desarrollo.grupomedios.com\/futbol\/wp-json\/wp\/v2\/media\/516143"}],"wp:attachment":[{"href":"http:\/\/desarrollo.grupomedios.com\/futbol\/wp-json\/wp\/v2\/media?parent=516142"}],"wp:term":[{"taxonomy":"category","embeddable":true,"href":"http:\/\/desarrollo.grupomedios.com\/futbol\/wp-json\/wp\/v2\/categories?post=516142"},{"taxonomy":"post_tag","embeddable":true,"href":"http:\/\/desarrollo.grupomedios.com\/futbol\/wp-json\/wp\/v2\/tags?post=516142"}],"curies":[{"name":"wp","href":"https:\/\/api.w.org\/{rel}","templated":true}]}}