{"id":516158,"date":"2018-01-30T12:02:02","date_gmt":"2018-01-30T18:02:02","guid":{"rendered":"https:\/\/www.futboltotal.com.mx\/?p=516158"},"modified":"2018-01-30T12:14:50","modified_gmt":"2018-01-30T18:14:50","slug":"sin-messi-argentina-pasaria-primera-ronda-chilavert","status":"publish","type":"post","link":"http:\/\/desarrollo.grupomedios.com\/futbol\/futbol-internacional\/sin-messi-argentina-pasaria-primera-ronda-chilavert\/2018\/01","title":{"rendered":"Sin Messi, Argentina no pasar\u00eda de primera ronda: Chilavert"},"content":{"rendered":"<p>El ex portero de Paraguay,\u00a0<strong>Jos\u00e9 Luis Chilavert<\/strong> tir\u00f3 cr\u00edticas fuertes en contra de la <strong>Selecci\u00f3n de Argentina<\/strong> previo a la<strong> Copa del Mundo de Rusia 2018<\/strong>, pues asever\u00f3 que sin su astro argentino Lionel Messi tienen muy pocas posibilidades de pasar de la primera fase en el grupo que les toc\u00f3 junto a Islandia, Croacia y Nigeria.<\/p>\n<p><mark>&#8220;Sin Messi, Argentina no pasar\u00eda la primera rueda. Tiene buenos jugadores, (Sergio) Ag\u00fcero, (Gonzalo) Higua\u00edn, (\u00c1ngel) Di Mar\u00eda, (Paulo) Dybala<\/mark>, pero hay una diferencia: ellos no te hacen ganar un partido; Messi, s\u00ed&#8221;, opin\u00f3 Chilavert en una entrevista publicada por La Naci\u00f3n.\u00a0&#8220;\u00c9l hace la diferencia. Si est\u00e1 parado nom\u00e1s, los rivales ya se asustan&#8221;,\u00a0brome\u00f3 el ex guardameta mundialista.<\/p>\n<p style=\"text-align: center;\"><a href=\"https:\/\/www.futboltotal.com.mx\/futbol-mexicano\/liga-mx\/rayados-esta-a-paso-tener-refuerzo-argentino\/2018\/01\">VER M\u00c1S: Rayados est\u00e1 a un paso de tener refuerzo argentino<\/a><\/p>\n<p>Por otro lado habl\u00f3 de los rivales que tendr\u00e1 la Albiceleste en la justa veraniega y anticip\u00f3 que no ser\u00e1n nada f\u00e1ciles;\u00a0&#8220;no se puede confiar de Islandia tiene futbolistas\u00a0grandotes, fuertes en la pelota parada y Argentina no tiene tantos hombres altos. Hay que respetarlos&#8221;, agreg\u00f3.<\/p>\n<p>&#8220;Yo quiero que Argentina vuelva a jugar la final (del Mundial, como en Brasil 2014) y la gane. \u00bfPor qu\u00e9? Por Messi.\u00a0<strong><mark>Yo soy un fan\u00e1tico de Messi. \u00c9l est\u00e1 en otro planeta, mientras Cristiano (Ronaldo) y Neymar est\u00e1n en la Tierra.<\/mark> Esa es la diferencia. El d\u00eda que se vaya Messi del f\u00fatbol, lo vamos a llorar todos&#8221;<\/strong>, dijo adulando al &#8217;10&#8217; argentino.<\/p>\n<p style=\"text-align: center;\"><a href=\"https:\/\/www.futboltotal.com.mx\/futbol-internacional\/liga-de-inglaterra\/aubameyang-viaja-a-inglaterra-cerrar-traspaso-a-la-premier-league\/2018\/01\">VER M\u00c1S: Aubameyang viaja a Inglaterra para su cerrar su traspaso a la Premier League<\/a><\/p>\n<p>&nbsp;<\/p>\n","protected":false},"excerpt":{"rendered":"<p>El paraguayo habl\u00f3 fuerte de la Selecci\u00f3n de Argentina y adul\u00f3 al &#8217;10&#8217; del FC Barcelona<\/p>\n","protected":false},"author":159,"featured_media":516160,"comment_status":"closed","ping_status":"closed","sticky":false,"template":"","format":"standard","meta":[],"categories":[3839],"tags":[5996,2621,6012,2232],"_links":{"self":[{"href":"http:\/\/desarrollo.grupomedios.com\/futbol\/wp-json\/wp\/v2\/posts\/516158"}],"collection":[{"href":"http:\/\/desarrollo.grupomedios.com\/futbol\/wp-json\/wp\/v2\/posts"}],"about":[{"href":"http:\/\/desarrollo.grupomedios.com\/futbol\/wp-json\/wp\/v2\/types\/post"}],"author":[{"embeddable":true,"href":"http:\/\/desarrollo.grupomedios.com\/futbol\/wp-json\/wp\/v2\/users\/159"}],"replies":[{"embeddable":true,"href":"http:\/\/desarrollo.grupomedios.com\/futbol\/wp-json\/wp\/v2\/comments?post=516158"}],"version-history":[{"count":3,"href":"http:\/\/desarrollo.grupomedios.com\/futbol\/wp-json\/wp\/v2\/posts\/516158\/revisions"}],"predecessor-version":[{"id":516163,"href":"http:\/\/desarrollo.grupomedios.com\/futbol\/wp-json\/wp\/v2\/posts\/516158\/revisions\/516163"}],"wp:featuredmedia":[{"embeddable":true,"href":"http:\/\/desarrollo.grupomedios.com\/futbol\/wp-json\/wp\/v2\/media\/516160"}],"wp:attachment":[{"href":"http:\/\/desarrollo.grupomedios.com\/futbol\/wp-json\/wp\/v2\/media?parent=516158"}],"wp:term":[{"taxonomy":"category","embeddable":true,"href":"http:\/\/desarrollo.grupomedios.com\/futbol\/wp-json\/wp\/v2\/categories?post=516158"},{"taxonomy":"post_tag","embeddable":true,"href":"http:\/\/desarrollo.grupomedios.com\/futbol\/wp-json\/wp\/v2\/tags?post=516158"}],"curies":[{"name":"wp","href":"https:\/\/api.w.org\/{rel}","templated":true}]}}