{"id":516164,"date":"2018-01-30T12:35:52","date_gmt":"2018-01-30T18:35:52","guid":{"rendered":"https:\/\/www.futboltotal.com.mx\/?p=516164"},"modified":"2018-01-30T12:35:52","modified_gmt":"2018-01-30T18:35:52","slug":"marc-bartra-sera-companero-guardado-en-betis","status":"publish","type":"post","link":"http:\/\/desarrollo.grupomedios.com\/futbol\/futbol-internacional\/marc-bartra-sera-companero-guardado-en-betis\/2018\/01","title":{"rendered":"Marc Bartra ser\u00e1 compa\u00f1ero de Guardado en el Betis"},"content":{"rendered":"<p>El central <strong>Marc Bartra,<\/strong> del <strong>Borussia Dortmund<\/strong>, se encuentra desde primeras horas de la tarde de este martes en <strong>Sevilla<\/strong> para firmar por el <strong>Betis<\/strong>.<\/p>\n<p>El defensa espa\u00f1ol ha sido recibido por decenas de aficionados b\u00e9ticos a su llegada al Aeropuerto de San Pablo y ha posado con una bandera del Betis y con el vicepresidente deportivo del club, <strong>Lorenzo Serra Ferrer<\/strong>.<\/p>\n<p style=\"text-align: center;\"><span style=\"color: #3366ff;\"><a href=\"https:\/\/www.futboltotal.com.mx\/futbol-internacional\/liga-de-espana\/sevilla-le-da-la-bienvenida-a-miguel-layun\/2018\/01\">VER M\u00c1S: Sevilla le da la bienvenida a Miguel Lay\u00fan<\/a><\/span><\/p>\n<p>https:\/\/twitter.com\/RealBetis\/status\/958116781977231360<\/p>\n<p>Los detalles y duraci\u00f3n del contrato del central procedente del Borussia Dortmund alem\u00e1n ser\u00e1n hechos p\u00fablicos una vez que pase el reconocimiento m\u00e9dico y rubrique su compromiso con la entidad verdiblanca.<\/p>\n<p>Bartra ha se\u00f1alado que est\u00e1 muy contento de fichar por el Betis cuando ha sido preguntado en la terminal del aeropuerto. EFE<\/p>\n","protected":false},"excerpt":{"rendered":"<p>El espa\u00f1ol volver\u00e1 a LaLiga luego de dos temporadas en la Bundesliga.<\/p>\n","protected":false},"author":129,"featured_media":475647,"comment_status":"closed","ping_status":"closed","sticky":false,"template":"","format":"standard","meta":[],"categories":[3839,3844],"tags":[6047,6893,1192],"_links":{"self":[{"href":"http:\/\/desarrollo.grupomedios.com\/futbol\/wp-json\/wp\/v2\/posts\/516164"}],"collection":[{"href":"http:\/\/desarrollo.grupomedios.com\/futbol\/wp-json\/wp\/v2\/posts"}],"about":[{"href":"http:\/\/desarrollo.grupomedios.com\/futbol\/wp-json\/wp\/v2\/types\/post"}],"author":[{"embeddable":true,"href":"http:\/\/desarrollo.grupomedios.com\/futbol\/wp-json\/wp\/v2\/users\/129"}],"replies":[{"embeddable":true,"href":"http:\/\/desarrollo.grupomedios.com\/futbol\/wp-json\/wp\/v2\/comments?post=516164"}],"version-history":[{"count":1,"href":"http:\/\/desarrollo.grupomedios.com\/futbol\/wp-json\/wp\/v2\/posts\/516164\/revisions"}],"predecessor-version":[{"id":516166,"href":"http:\/\/desarrollo.grupomedios.com\/futbol\/wp-json\/wp\/v2\/posts\/516164\/revisions\/516166"}],"wp:featuredmedia":[{"embeddable":true,"href":"http:\/\/desarrollo.grupomedios.com\/futbol\/wp-json\/wp\/v2\/media\/475647"}],"wp:attachment":[{"href":"http:\/\/desarrollo.grupomedios.com\/futbol\/wp-json\/wp\/v2\/media?parent=516164"}],"wp:term":[{"taxonomy":"category","embeddable":true,"href":"http:\/\/desarrollo.grupomedios.com\/futbol\/wp-json\/wp\/v2\/categories?post=516164"},{"taxonomy":"post_tag","embeddable":true,"href":"http:\/\/desarrollo.grupomedios.com\/futbol\/wp-json\/wp\/v2\/tags?post=516164"}],"curies":[{"name":"wp","href":"https:\/\/api.w.org\/{rel}","templated":true}]}}