{"id":516196,"date":"2018-01-30T16:41:37","date_gmt":"2018-01-30T22:41:37","guid":{"rendered":"https:\/\/www.futboltotal.com.mx\/?p=516196"},"modified":"2018-01-30T16:41:37","modified_gmt":"2018-01-30T22:41:37","slug":"sandro-regresa-a-espana-sera-companero-layun-en-sevilla","status":"publish","type":"post","link":"http:\/\/desarrollo.grupomedios.com\/futbol\/futbol-internacional\/sandro-regresa-a-espana-sera-companero-layun-en-sevilla\/2018\/01","title":{"rendered":"Sandro regresa a Espa\u00f1a y ser\u00e1 compa\u00f1ero de Lay\u00fan en el Sevilla"},"content":{"rendered":"<p>El <strong>Sevilla<\/strong> ha llegado a un principio de acuerdo con el <strong>Everton<\/strong> ingl\u00e9s para la cesi\u00f3n del delantero <strong>Sandro Ram\u00edrez<\/strong> al equipo andaluz hasta el pr\u00f3ximo junio, en principio sin opci\u00f3n de compra, seg\u00fan anunci\u00f3 en la noche de este martes la entidad sevillista.<\/p>\n<p>Este acuerdo de cesi\u00f3n y la firma de los contratos se concretar\u00e1 una vez que Sandro (<strong>Las Palmas<\/strong> de Gran Canaria, 9 de julio de 1995) pase el reconocimiento m\u00e9dico, precis\u00f3 su nuevo club.<\/p>\n<p style=\"text-align: center;\"><span style=\"color: #3366ff;\"><a href=\"https:\/\/www.futboltotal.com.mx\/futbol-internacional\/liga-de-espana\/marc-bartra-sera-companero-guardado-en-betis\/2018\/01\">VER M\u00c1S: Marc Bartra ser\u00e1 compa\u00f1ero de Guardado en el Betis<\/a><\/span><\/p>\n<blockquote class=\"twitter-tweet\" data-data-dnt=\"true\">\n<p lang=\"es\" dir=\"ltr\">\ud83d\udce2 Principio de acuerdo entre el <a href=\"https:\/\/twitter.com\/hashtag\/SevillaFC?src=hash&amp;ref_src=twsrc%5Etfw\">#SevillaFC<\/a> y el <a href=\"https:\/\/twitter.com\/Everton?ref_src=twsrc%5Etfw\">@Everton<\/a> para la cesi\u00f3n de <a href=\"https:\/\/twitter.com\/sandroramirez9?ref_src=twsrc%5Etfw\">@sandroramirez9<\/a> <\/p>\n<p>\u27a1\ufe0f <a href=\"https:\/\/t.co\/FIBMLUVkJL\">https:\/\/t.co\/FIBMLUVkJL<\/a><a href=\"https:\/\/twitter.com\/hashtag\/SevillaFC?src=hash&amp;ref_src=twsrc%5Etfw\">#SevillaFC<\/a> <a href=\"https:\/\/t.co\/sYADhPcgIY\">pic.twitter.com\/sYADhPcgIY<\/a><\/p>\n<p>&mdash; Sevilla F\u00fatbol Club (@SevillaFC) <a href=\"https:\/\/twitter.com\/SevillaFC\/status\/958457247432105984?ref_src=twsrc%5Etfw\">January 30, 2018<\/a><\/p><\/blockquote>\n<p><script async src=\"https:\/\/platform.twitter.com\/widgets.js\" charset=\"utf-8\"><\/script><\/p>\n<p>El Sevilla llevaba todo el mercado invernal en busca de un delantero para reforzar su plantel y, adem\u00e1s de contactar con el canario, tambi\u00e9n lo hab\u00eda hecho con el Chelsea ingl\u00e9s para la posible cesi\u00f3n del belga Michy Batshuayi.<\/p>\n<p>El club sevillista define a Sandro, con contrato en el Everton hasta 2021 tras pagar este verano el equipo de Liverpool los 6 millones de euros de cl\u00e1usula de rescisi\u00f3n que ten\u00eda en el M\u00e1laga, como &#8220;un habilidoso delantero, internacional con Espa\u00f1a en todas las categor\u00edas de base&#8221; y que no ha terminado de adaptarse al f\u00fatbol ingl\u00e9s.<\/p>\n<p>Con el conjunto del Goodison Park ha disputado ocho partidos en &#8216;Premier League&#8217;, uno en la Copa de la Liga y seis en la Liga Europa, en la que consigui\u00f3 el pasado noviembre su \u00fanico gol oficial como &#8216;tofee&#8217; en la derrota de su equipo ante el Atalanta italiano (1-5) en Liverpool.<\/p>\n","protected":false},"excerpt":{"rendered":"<p>El atacante espa\u00f1ol llega a pr\u00e9stamo con los andaluces<\/p>\n","protected":false},"author":129,"featured_media":516198,"comment_status":"closed","ping_status":"closed","sticky":false,"template":"","format":"standard","meta":[],"categories":[3839,3844],"tags":[219,1035,10117,49],"_links":{"self":[{"href":"http:\/\/desarrollo.grupomedios.com\/futbol\/wp-json\/wp\/v2\/posts\/516196"}],"collection":[{"href":"http:\/\/desarrollo.grupomedios.com\/futbol\/wp-json\/wp\/v2\/posts"}],"about":[{"href":"http:\/\/desarrollo.grupomedios.com\/futbol\/wp-json\/wp\/v2\/types\/post"}],"author":[{"embeddable":true,"href":"http:\/\/desarrollo.grupomedios.com\/futbol\/wp-json\/wp\/v2\/users\/129"}],"replies":[{"embeddable":true,"href":"http:\/\/desarrollo.grupomedios.com\/futbol\/wp-json\/wp\/v2\/comments?post=516196"}],"version-history":[{"count":1,"href":"http:\/\/desarrollo.grupomedios.com\/futbol\/wp-json\/wp\/v2\/posts\/516196\/revisions"}],"predecessor-version":[{"id":516200,"href":"http:\/\/desarrollo.grupomedios.com\/futbol\/wp-json\/wp\/v2\/posts\/516196\/revisions\/516200"}],"wp:featuredmedia":[{"embeddable":true,"href":"http:\/\/desarrollo.grupomedios.com\/futbol\/wp-json\/wp\/v2\/media\/516198"}],"wp:attachment":[{"href":"http:\/\/desarrollo.grupomedios.com\/futbol\/wp-json\/wp\/v2\/media?parent=516196"}],"wp:term":[{"taxonomy":"category","embeddable":true,"href":"http:\/\/desarrollo.grupomedios.com\/futbol\/wp-json\/wp\/v2\/categories?post=516196"},{"taxonomy":"post_tag","embeddable":true,"href":"http:\/\/desarrollo.grupomedios.com\/futbol\/wp-json\/wp\/v2\/tags?post=516196"}],"curies":[{"name":"wp","href":"https:\/\/api.w.org\/{rel}","templated":true}]}}