{"id":516208,"date":"2018-01-30T17:44:06","date_gmt":"2018-01-30T23:44:06","guid":{"rendered":"https:\/\/www.futboltotal.com.mx\/?p=516208"},"modified":"2018-01-30T17:44:06","modified_gmt":"2018-01-30T23:44:06","slug":"unico-mexicano-juega-la-copa-libertadores","status":"publish","type":"post","link":"http:\/\/desarrollo.grupomedios.com\/futbol\/futbol-internacional\/unico-mexicano-juega-la-copa-libertadores\/2018\/01","title":{"rendered":"El \u00fanico mexicano que juega la Copa Libertadores"},"content":{"rendered":"<p>A pesar de que <strong>M\u00e9xico<\/strong> lleva ya dos a\u00f1os consecutivos sin participar en la <strong>Copa Libertadores<\/strong>, hay un jugador azteca que s\u00ed estar\u00e1 presente en la edici\u00f3n 2018 del torneo m\u00e1s importante a nivel de clubes en <strong>Sudam\u00e9rica<\/strong>.<\/p>\n<p>Es el caso del jugador del atacante <strong>Alfonso Nieto<\/strong>, quien es parte del equipo colombiano, <strong>Carabobo<\/strong>, y sali\u00f3 como titular para el partido que su club disputa ante el<strong> Guaran\u00ed<\/strong> de <strong>Paraguay<\/strong>.<\/p>\n<p style=\"text-align: center;\"><span style=\"color: #3366ff;\"><a href=\"https:\/\/www.futboltotal.com.mx\/futbol-mexicano\/seleccion-mexicana\/los-4-mexicanos-juan-carlos-osorio-ve-con-nivel-para-jugar-en-europa\/2018\/01\">VER M\u00c1S: Los 4 mexicanos que Osorio ve con nivel para jugar en Europa<\/a><\/span><\/p>\n<blockquote class=\"twitter-tweet\" data-data-dnt=\"true\">\n<p lang=\"es\" dir=\"ltr\"><a href=\"https:\/\/twitter.com\/hashtag\/ConmebolLibertadores?src=hash&amp;ref_src=twsrc%5Etfw\">#ConmebolLibertadores<\/a> | \u00a1Estos son los once granates, elegidos por Wilson Guti\u00e9rrez, que buscar\u00e1n hacer historia dando el primer paso a la pr\u00f3xima fase! \ud83d\udd1d\ud83d\udd25 <a href=\"https:\/\/t.co\/ztpxFs5YUi\">pic.twitter.com\/ztpxFs5YUi<\/a><\/p>\n<p>&mdash; Carabobo F\u00fatbol Club (@Carabobo_FC) <a href=\"https:\/\/twitter.com\/Carabobo_FC\/status\/958456099220414464?ref_src=twsrc%5Etfw\">January 30, 2018<\/a><\/p><\/blockquote>\n<p><script async src=\"https:\/\/platform.twitter.com\/widgets.js\" charset=\"utf-8\"><\/script><\/p>\n<p>Nieto lleg\u00f3 para est\u00e1 temporada y busca pelear un lugar con los colombianos, que buscar\u00e1n hacer historia en la Libertadores a partir de la Segunda Fase del certamen.<\/p>\n<p>El mexicano est\u00e1 probando suerte en Sudam\u00e9rica luego de haber pasado por el futbol de <strong>Costa Rica<\/strong> con el<strong> Sport Herediano<\/strong>, equipo en el cual se proclam\u00f3 campe\u00f3n del futbol tico.<\/p>\n<p>Anteriormente, Nieto visti\u00f3 la camiseta de los <strong>Pumas de la UNAM<\/strong> de la <strong>Liga MX<\/strong>; all\u00ed mismo gan\u00f3 el <strong>Torneo Apertura Sub-20<\/strong>, siendo adem\u00e1s el m\u00e1ximo goleador de la competici\u00f3n con siete dianas.<\/p>\n","protected":false},"excerpt":{"rendered":"<p>Este es el \u00fanico mexicano que est\u00e1 jugando el certamen sudamericano.<\/p>\n","protected":false},"author":129,"featured_media":507681,"comment_status":"closed","ping_status":"closed","sticky":false,"template":"","format":"standard","meta":[],"categories":[3839],"tags":[2352,11687,1396,6214],"_links":{"self":[{"href":"http:\/\/desarrollo.grupomedios.com\/futbol\/wp-json\/wp\/v2\/posts\/516208"}],"collection":[{"href":"http:\/\/desarrollo.grupomedios.com\/futbol\/wp-json\/wp\/v2\/posts"}],"about":[{"href":"http:\/\/desarrollo.grupomedios.com\/futbol\/wp-json\/wp\/v2\/types\/post"}],"author":[{"embeddable":true,"href":"http:\/\/desarrollo.grupomedios.com\/futbol\/wp-json\/wp\/v2\/users\/129"}],"replies":[{"embeddable":true,"href":"http:\/\/desarrollo.grupomedios.com\/futbol\/wp-json\/wp\/v2\/comments?post=516208"}],"version-history":[{"count":1,"href":"http:\/\/desarrollo.grupomedios.com\/futbol\/wp-json\/wp\/v2\/posts\/516208\/revisions"}],"predecessor-version":[{"id":516212,"href":"http:\/\/desarrollo.grupomedios.com\/futbol\/wp-json\/wp\/v2\/posts\/516208\/revisions\/516212"}],"wp:featuredmedia":[{"embeddable":true,"href":"http:\/\/desarrollo.grupomedios.com\/futbol\/wp-json\/wp\/v2\/media\/507681"}],"wp:attachment":[{"href":"http:\/\/desarrollo.grupomedios.com\/futbol\/wp-json\/wp\/v2\/media?parent=516208"}],"wp:term":[{"taxonomy":"category","embeddable":true,"href":"http:\/\/desarrollo.grupomedios.com\/futbol\/wp-json\/wp\/v2\/categories?post=516208"},{"taxonomy":"post_tag","embeddable":true,"href":"http:\/\/desarrollo.grupomedios.com\/futbol\/wp-json\/wp\/v2\/tags?post=516208"}],"curies":[{"name":"wp","href":"https:\/\/api.w.org\/{rel}","templated":true}]}}