{"id":516223,"date":"2018-01-30T21:31:56","date_gmt":"2018-01-31T03:31:56","guid":{"rendered":"https:\/\/www.futboltotal.com.mx\/?p=516223"},"modified":"2018-01-30T21:31:56","modified_gmt":"2018-01-31T03:31:56","slug":"jugador-los-patriots-presume-bufanda-del-quinto-grande-mexico","status":"publish","type":"post","link":"http:\/\/desarrollo.grupomedios.com\/futbol\/no-todo-es-futbol\/jugador-los-patriots-presume-bufanda-del-quinto-grande-mexico\/2018\/01","title":{"rendered":"Jugador de los Patriots presume bufanda del &#8220;quinto grande&#8221; de M\u00e9xico"},"content":{"rendered":"<p>La pasi\u00f3n por el futbol mexicano estuvo presente en el <strong>Opening night del Super Bowl LII<\/strong> entre las Eagles de Filadelfia y los Patriots de Nueva Inglaterra.<\/p>\n<p>El linebacker de los Pats, <strong>Marquis Flowers<\/strong>, apareci\u00f3 con una bufanda del actual campe\u00f3n del futbol mexicano, los <strong>Tigres de la UANL<\/strong>, con la que dio sus entrevistas en el U.S. Bank Stadium en Minneapolis, Minnesota.<\/p>\n<p>Esta situaci\u00f3n no pas\u00f3 desapercibida por la cuenta oficial de los Tigres, qui\u00e9nes compartieron la foto que se dio a conocer en redes sociales sobre el jugador de <strong>Nueva Inglaterra<\/strong>.<\/p>\n<blockquote class=\"twitter-tweet\" data-lang=\"es\">\n<p dir=\"ltr\" lang=\"es\">Bien por <a href=\"https:\/\/twitter.com\/MFlowers59?ref_src=twsrc%5Etfw\">@MFlowers59<\/a> de los <a href=\"https:\/\/twitter.com\/Patriots?ref_src=twsrc%5Etfw\">@Patriots<\/a> con su bufanda de <a href=\"https:\/\/twitter.com\/TigresOficial?ref_src=twsrc%5Etfw\">@TigresOficial<\/a> &#x1f60e; &#x1f42f; &#x1f3c8;\u26bd\ufe0f <a href=\"https:\/\/twitter.com\/hashtag\/EstoEsTigres?src=hash&amp;ref_src=twsrc%5Etfw\">#EstoEsTigres<\/a> Foto: <a href=\"https:\/\/twitter.com\/PlaymakersMx?ref_src=twsrc%5Etfw\">@PlaymakersMx<\/a> <a href=\"https:\/\/t.co\/ZbQg214htu\">pic.twitter.com\/ZbQg214htu<\/a><\/p>\n<p>\u2014 CLUB TIGRES OFICIAL (@TigresOficial) <a href=\"https:\/\/twitter.com\/TigresOficial\/status\/958394801048772609?ref_src=twsrc%5Etfw\">30 de enero de 2018<\/a><\/p><\/blockquote>\n<p><script async src=\"https:\/\/platform.twitter.com\/widgets.js\" charset=\"utf-8\"><\/script><\/p>\n","protected":false},"excerpt":{"rendered":"<p>Marquis Flowers apareci\u00f3 con una bufanda de uno de los equipos m\u00e1s representativos actualmente en M\u00e9xico<\/p>\n","protected":false},"author":160,"featured_media":516224,"comment_status":"closed","ping_status":"closed","sticky":false,"template":"","format":"standard","meta":[],"categories":[5811,5418,6411],"tags":[4395,7728,5973],"_links":{"self":[{"href":"http:\/\/desarrollo.grupomedios.com\/futbol\/wp-json\/wp\/v2\/posts\/516223"}],"collection":[{"href":"http:\/\/desarrollo.grupomedios.com\/futbol\/wp-json\/wp\/v2\/posts"}],"about":[{"href":"http:\/\/desarrollo.grupomedios.com\/futbol\/wp-json\/wp\/v2\/types\/post"}],"author":[{"embeddable":true,"href":"http:\/\/desarrollo.grupomedios.com\/futbol\/wp-json\/wp\/v2\/users\/160"}],"replies":[{"embeddable":true,"href":"http:\/\/desarrollo.grupomedios.com\/futbol\/wp-json\/wp\/v2\/comments?post=516223"}],"version-history":[{"count":1,"href":"http:\/\/desarrollo.grupomedios.com\/futbol\/wp-json\/wp\/v2\/posts\/516223\/revisions"}],"predecessor-version":[{"id":516225,"href":"http:\/\/desarrollo.grupomedios.com\/futbol\/wp-json\/wp\/v2\/posts\/516223\/revisions\/516225"}],"wp:featuredmedia":[{"embeddable":true,"href":"http:\/\/desarrollo.grupomedios.com\/futbol\/wp-json\/wp\/v2\/media\/516224"}],"wp:attachment":[{"href":"http:\/\/desarrollo.grupomedios.com\/futbol\/wp-json\/wp\/v2\/media?parent=516223"}],"wp:term":[{"taxonomy":"category","embeddable":true,"href":"http:\/\/desarrollo.grupomedios.com\/futbol\/wp-json\/wp\/v2\/categories?post=516223"},{"taxonomy":"post_tag","embeddable":true,"href":"http:\/\/desarrollo.grupomedios.com\/futbol\/wp-json\/wp\/v2\/tags?post=516223"}],"curies":[{"name":"wp","href":"https:\/\/api.w.org\/{rel}","templated":true}]}}