{"id":516226,"date":"2018-01-31T08:27:29","date_gmt":"2018-01-31T14:27:29","guid":{"rendered":"https:\/\/www.futboltotal.com.mx\/?p=516226"},"modified":"2018-01-31T08:27:29","modified_gmt":"2018-01-31T14:27:29","slug":"oficial-aubameyang-nuevo-jugador-del-arsenal","status":"publish","type":"post","link":"http:\/\/desarrollo.grupomedios.com\/futbol\/destacado-home\/oficial-aubameyang-nuevo-jugador-del-arsenal\/2018\/01","title":{"rendered":"OFICIAL: Aubameyang, nuevo jugador del Arsenal"},"content":{"rendered":"<p>El A<strong>rsenal<\/strong> ha confirmado este mi\u00e9rcoles el fichaje del delantero internacional gabon\u00e9s<strong> Pierre-Emerick Aubameyang,<\/strong> procedente del <strong>Borussia Dortmund<\/strong>, por <strong>56 millones de libras<\/strong> (63,7 millones de euros), cifra r\u00e9cord en la historia del conjunto ingl\u00e9s.<\/p>\n<p>Aubameyang, de 28 a\u00f1os, ha firmado un contrato &#8220;de larga duraci\u00f3n&#8221; con el Arsenal, tal y como inform\u00f3 el club, y<mark> se convierte en el segundo refuerzo invernal del equipo entrenado por Arsene Wenger<\/mark>, que ya incorpor\u00f3 al armenio <strong>Henrikh Mkhitaryan<\/strong>, del Manchester United, en un intercambio con el chileno Alexis S\u00e1nchez.<\/p>\n<p>&#8220;Pierre-Emerick Aubameyang se ha incorporado a nuestro equipo procedente del Borussia Dortmund con un contrato de larga duraci\u00f3n y por una cantidad r\u00e9cord para el club&#8221;, inform\u00f3 el conjunto del norte de Londres a trav\u00e9s de un comunicado.<\/p>\n<blockquote class=\"twitter-tweet\" data-lang=\"es\">\n<p dir=\"ltr\" lang=\"und\">\u2764\ufe0f <a href=\"https:\/\/twitter.com\/Aubameyang7?ref_src=twsrc%5Etfw\">@Aubameyang7<\/a> <a href=\"https:\/\/twitter.com\/hashtag\/YoPierre?src=hash&amp;ref_src=twsrc%5Etfw\">#YoPierre<\/a> <a href=\"https:\/\/t.co\/UpbAhnIvDG\">pic.twitter.com\/UpbAhnIvDG<\/a><\/p>\n<p>\u2014 Arsenal FC (@Arsenal) <a href=\"https:\/\/twitter.com\/Arsenal\/status\/958666053076291587?ref_src=twsrc%5Etfw\">31 de enero de 2018<\/a><\/p><\/blockquote>\n<p><script async src=\"https:\/\/platform.twitter.com\/widgets.js\" charset=\"utf-8\"><\/script><\/p>\n<p style=\"text-align: center;\"><a href=\"https:\/\/www.futboltotal.com.mx\/futbol-internacional\/liga-de-espana\/hector-moreno-emigraria-a-la-real-sociedad\/2018\/01\">VER M\u00c1S: H\u00e9ctor Moreno emigrar\u00eda a la Real Sociedad<\/a><\/p>\n<p>&#8220;Nuestro segundo refuerzo del mercado de fichajes de enero es uno de los mejores delanteros del mundo. Ha marcado <strong>98 goles en 144 partidos<\/strong> en la Bundesliga con el Dortmund y un total de <strong>172 tantos en 213 encuentros<\/strong> en todas las competiciones. Eso hace una media de 96 minutos por gol o asistencia&#8221;, a\u00f1adi\u00f3 la misiva.<\/p>\n<p>Despu\u00e9s de semanas de negociaciones, Arsenal y Dortmund llegaron a un acuerdo para el traspaso del punta africano, quien pas\u00f3 ayer la pertinente revisi\u00f3n m\u00e9dica, por <strong>56 millones de libras<\/strong>, cifra que supera los <strong>46,5 millones de libras<\/strong> que pag\u00f3 Wenger el pasado verano al <strong>Olympique de Lyon<\/strong> por los servicios del delantero <strong>Alexandre Lacazette<\/strong>.<\/p>\n<p>El conjunto alem\u00e1n no quer\u00eda dejar marchar a &#8216;Auba&#8217; sin tener asegurado un reemplazo de garant\u00edas, y se ha hecho con los servicios del belga <strong>Michy Batshuayi<\/strong> en calidad de cedido por el <strong>Chelsea<\/strong> para lo que resta de temporada.<\/p>\n<p>La llegada de Aubameyang al Arsenal y de Batshuayi al BVB impulsar\u00e1 la marcha franc\u00e9s <strong>Olivier Giroud<\/strong>, delantero &#8216;Gunner&#8217;, al suroeste de Londres, puesto que ya negocia un traspaso al <strong>Chelsea<\/strong>.<\/p>\n<blockquote class=\"twitter-tweet\" data-lang=\"es\">\n<p dir=\"ltr\" lang=\"en\">*This* is what <a href=\"https:\/\/twitter.com\/Aubameyang7?ref_src=twsrc%5Etfw\">@Aubameyang7<\/a> can do\u2026 &#x1f631; <a href=\"https:\/\/twitter.com\/hashtag\/YoPierre?src=hash&amp;ref_src=twsrc%5Etfw\">#YoPierre<\/a> <a href=\"https:\/\/t.co\/ODSPZwShNU\">pic.twitter.com\/ODSPZwShNU<\/a><\/p>\n<p>\u2014 Arsenal FC (@Arsenal) <a href=\"https:\/\/twitter.com\/Arsenal\/status\/958694495238881280?ref_src=twsrc%5Etfw\">31 de enero de 2018<\/a><\/p><\/blockquote>\n<p><script async src=\"https:\/\/platform.twitter.com\/widgets.js\" charset=\"utf-8\"><\/script><\/p>\n<p style=\"text-align: center;\"><a href=\"https:\/\/www.futboltotal.com.mx\/futbol-mexicano\/liga-mx\/rayados-esta-a-paso-tener-refuerzo-argentino\/2018\/01\">VER M\u00c1S: Rayados est\u00e1 a un paso de tener refuerzo argentino<\/a><\/p>\n","protected":false},"excerpt":{"rendered":"<p>El delantero de Gab\u00f3n dej\u00f3 al Borussia Dortmund para llegar a la Premier League<\/p>\n","protected":false},"author":159,"featured_media":516227,"comment_status":"closed","ping_status":"closed","sticky":false,"template":"","format":"standard","meta":[],"categories":[5,3839,3846],"tags":[6044,6047,5078],"_links":{"self":[{"href":"http:\/\/desarrollo.grupomedios.com\/futbol\/wp-json\/wp\/v2\/posts\/516226"}],"collection":[{"href":"http:\/\/desarrollo.grupomedios.com\/futbol\/wp-json\/wp\/v2\/posts"}],"about":[{"href":"http:\/\/desarrollo.grupomedios.com\/futbol\/wp-json\/wp\/v2\/types\/post"}],"author":[{"embeddable":true,"href":"http:\/\/desarrollo.grupomedios.com\/futbol\/wp-json\/wp\/v2\/users\/159"}],"replies":[{"embeddable":true,"href":"http:\/\/desarrollo.grupomedios.com\/futbol\/wp-json\/wp\/v2\/comments?post=516226"}],"version-history":[{"count":1,"href":"http:\/\/desarrollo.grupomedios.com\/futbol\/wp-json\/wp\/v2\/posts\/516226\/revisions"}],"predecessor-version":[{"id":516228,"href":"http:\/\/desarrollo.grupomedios.com\/futbol\/wp-json\/wp\/v2\/posts\/516226\/revisions\/516228"}],"wp:featuredmedia":[{"embeddable":true,"href":"http:\/\/desarrollo.grupomedios.com\/futbol\/wp-json\/wp\/v2\/media\/516227"}],"wp:attachment":[{"href":"http:\/\/desarrollo.grupomedios.com\/futbol\/wp-json\/wp\/v2\/media?parent=516226"}],"wp:term":[{"taxonomy":"category","embeddable":true,"href":"http:\/\/desarrollo.grupomedios.com\/futbol\/wp-json\/wp\/v2\/categories?post=516226"},{"taxonomy":"post_tag","embeddable":true,"href":"http:\/\/desarrollo.grupomedios.com\/futbol\/wp-json\/wp\/v2\/tags?post=516226"}],"curies":[{"name":"wp","href":"https:\/\/api.w.org\/{rel}","templated":true}]}}