{"id":516229,"date":"2018-01-31T09:05:15","date_gmt":"2018-01-31T15:05:15","guid":{"rendered":"https:\/\/www.futboltotal.com.mx\/?p=516229"},"modified":"2018-01-31T09:05:15","modified_gmt":"2018-01-31T15:05:15","slug":"real-madrid-interesado-en-futbolista-del-zenit","status":"publish","type":"post","link":"http:\/\/desarrollo.grupomedios.com\/futbol\/futbol-internacional\/real-madrid-interesado-en-futbolista-del-zenit\/2018\/01","title":{"rendered":"Real Madrid, interesado en futbolista del Zenit"},"content":{"rendered":"<p>El <strong>Real Madrid<\/strong> est\u00e1 trabajando en el curso de la temporada 2018-2019, luego que ha resultado un desastre en <strong>LaLiga<\/strong> y eliminados de la <strong>Copa del Rey<\/strong>,\u00a0 tiene en mente a un futbolista que est\u00e1 militando actualmente en la liga de Rusia donde la directiva ha puesto s u mira en busca de renovar la plantilla de forma importante.<\/p>\n<p>El nombre con el que se ha vinculado a los madridistas ha sido el del argentino\u00a0<strong>Leandro Paredes,<\/strong> centrocampista, de 23 a\u00f1os, quien en el pasado verano lleg\u00f3 al\u00a0<strong>Zenit de San Petersburgo<\/strong>, conjunto en el que ha logrado un buen crecimiento, luego que se viera estancado en su paso por la Serie A, por lo que podr\u00eda recalar en el cuadro blanco, de acuerdo al diario Clar\u00edn.<\/p>\n<p style=\"text-align: center;\"><a href=\"https:\/\/www.futboltotal.com.mx\/futbol-internacional\/liga-de-inglaterra\/oficial-aubameyang-nuevo-jugador-del-arsenal\/2018\/01\">VER M\u00c1S: OFICIAL: Aubameyang, nuevo jugador del Arsenal<\/a><\/p>\n<p>Esta misma fuente indica que el futbolista sabe del inter\u00e9s que ha despertado en la entidad merengue, la directiva planea hacer una oferta cercana a los <strong>35 millones de euros<\/strong>, una oferta que ser\u00eda vista con buenos ojos para el mercado actual aunado a que los rusos apenas pagaron <strong>23 millones de euros<\/strong> por el futbolista.<\/p>\n<p>Pero la realidad es que el Zenit desear\u00eda sacar mayor partido posible de realizarse al negociaci\u00f3n, incluso pensar\u00edan que su oferta el traspaso del croata <strong>Mateo Kovacic<\/strong>, algo que se ve sumamente complicado pues el futbolista no est\u00e1 interesado en ponerle ese rumbo a su carrera por el momento.<\/p>\n<p style=\"text-align: center;\"><a href=\"https:\/\/www.futboltotal.com.mx\/futbol-internacional\/liga-de-francia-futbol-internacional\/neymar-broma-cruel-a-rival-genera-fuertes-criticas\/2018\/01\">VER M\u00c1S: Neymar hace broma \u201ccruel\u201d a rival y genera fuertes cr\u00edticas<\/a><\/p>\n","protected":false},"excerpt":{"rendered":"<p>El cuadro merengue est\u00e1 pensando en el siguiente curso pues el actual ha sido un desastre<\/p>\n","protected":false},"author":159,"featured_media":516230,"comment_status":"closed","ping_status":"closed","sticky":false,"template":"","format":"standard","meta":[],"categories":[3839,3844],"tags":[253,6114,1825,5988,6064],"_links":{"self":[{"href":"http:\/\/desarrollo.grupomedios.com\/futbol\/wp-json\/wp\/v2\/posts\/516229"}],"collection":[{"href":"http:\/\/desarrollo.grupomedios.com\/futbol\/wp-json\/wp\/v2\/posts"}],"about":[{"href":"http:\/\/desarrollo.grupomedios.com\/futbol\/wp-json\/wp\/v2\/types\/post"}],"author":[{"embeddable":true,"href":"http:\/\/desarrollo.grupomedios.com\/futbol\/wp-json\/wp\/v2\/users\/159"}],"replies":[{"embeddable":true,"href":"http:\/\/desarrollo.grupomedios.com\/futbol\/wp-json\/wp\/v2\/comments?post=516229"}],"version-history":[{"count":1,"href":"http:\/\/desarrollo.grupomedios.com\/futbol\/wp-json\/wp\/v2\/posts\/516229\/revisions"}],"predecessor-version":[{"id":516231,"href":"http:\/\/desarrollo.grupomedios.com\/futbol\/wp-json\/wp\/v2\/posts\/516229\/revisions\/516231"}],"wp:featuredmedia":[{"embeddable":true,"href":"http:\/\/desarrollo.grupomedios.com\/futbol\/wp-json\/wp\/v2\/media\/516230"}],"wp:attachment":[{"href":"http:\/\/desarrollo.grupomedios.com\/futbol\/wp-json\/wp\/v2\/media?parent=516229"}],"wp:term":[{"taxonomy":"category","embeddable":true,"href":"http:\/\/desarrollo.grupomedios.com\/futbol\/wp-json\/wp\/v2\/categories?post=516229"},{"taxonomy":"post_tag","embeddable":true,"href":"http:\/\/desarrollo.grupomedios.com\/futbol\/wp-json\/wp\/v2\/tags?post=516229"}],"curies":[{"name":"wp","href":"https:\/\/api.w.org\/{rel}","templated":true}]}}