{"id":516268,"date":"2018-01-31T11:19:02","date_gmt":"2018-01-31T17:19:02","guid":{"rendered":"https:\/\/www.futboltotal.com.mx\/?p=516268"},"modified":"2018-01-31T11:19:02","modified_gmt":"2018-01-31T17:19:02","slug":"la-razon-la-neymar-enfurecio-psg","status":"publish","type":"post","link":"http:\/\/desarrollo.grupomedios.com\/futbol\/futbol-internacional\/la-razon-la-neymar-enfurecio-psg\/2018\/01","title":{"rendered":"La raz\u00f3n por la que Neymar enfureci\u00f3 con el PSG"},"content":{"rendered":"<p>El delantero brasile\u00f1o del <strong>Paris Saint-Germain<\/strong>, <strong>Neymar<\/strong> demostr\u00f3 su inconformidad con la directiva del club luego que dejara en claro que estaba totalmente en desacuerdo con la salida de <strong>Lucas Moura<\/strong> del equipo, pues indic\u00f3 que &#8220;es injusto, tiene mucha calidad. Pero no soy el due\u00f1o del equipo&#8230;&#8221; en declaraciones realizadas en Francia, lo que ha vuelto a prender la mecha entre el &#8217;10&#8217; y su estratega\u00a0<strong>Unai Emery.<\/strong><\/p>\n<p style=\"text-align: center;\"><a href=\"https:\/\/www.futboltotal.com.mx\/futbol-mexicano\/liga-mx\/llegara-jonatan-maidana-al-toluca\/2018\/01\">VER M\u00c1S: \u00bfLlegar\u00e1 Jonatan Maidana al Toluca?<\/a><\/p>\n<p><span lang=\"es\" xml:lang=\"es\"><mark>&#8220;Estoy triste porque es un buen amigo y es un jugador de calidad que fue muy poco utilizado.<\/mark> Creo que <strong>es muy injusto<\/strong>, es\u00a0mi hermano en el f\u00fatbol, le deseo lo mejor. Cualquiera sea el destino, espero que gane mucho y vuelva a la selecci\u00f3n brasile\u00f1a.\u00a0<\/span>No es solo porque sea un amigo, es alguien que tiene mucha calidad, <mark>aqu\u00ed podr\u00eda haber sido mucho m\u00e1s usado<\/mark>, estoy seguro. Pero <mark>no soy el due\u00f1o del equipo, no el due\u00f1o del Par\u00eds Saint Germain<\/mark>.\u00a0Para m\u00ed, nunca deber\u00eda haberse ido de Par\u00eds&#8221;, sentenci\u00f3 Neymar ante los medios tras el partido ante el Rennes este martes.<\/p>\n<p>Por su parte en semanas anteriores, <strong>Unai Emery<\/strong> hab\u00eda expresado que\u00a0&#8220;hay buenos jugadores que no tienen la oportunidad de jugar en su equipo y\u00a0quiz\u00e1 podr\u00edan ser protagonistas en otro equipo&#8221;, dando los nombres y reconociendo que se trataba de Lucas Moura y <strong>Hatem Ben Arfa<\/strong>. El brasile\u00f1o est\u00e1 negociando en Londres su pase hacia el\u00a0\u00a0<strong>Tottenham Hotspur\u00a0<\/strong>del estratega\u00a0<strong>Mauricio Pochettino.<\/strong><\/p>\n<p style=\"text-align: center;\"><a href=\"https:\/\/www.futboltotal.com.mx\/futbol-internacional\/liga-de-inglaterra\/mesut-ozil-renueva-arsenal\/2018\/01\">VER M\u00c1S: Mesut \u00d6zil renueva con el Arsenal<\/a><\/p>\n<section class=\"sumario-ficha\">\n<div class=\"cont-ficha ficha-equipo\">\n<p>&nbsp;<\/p>\n<\/div>\n<\/section>\n","protected":false},"excerpt":{"rendered":"<p>El delantero podr\u00eda estar viviendo otra pelea con el estratega Unai Emery<\/p>\n","protected":false},"author":159,"featured_media":516269,"comment_status":"closed","ping_status":"closed","sticky":false,"template":"","format":"standard","meta":[],"categories":[3839,9609],"tags":[6063,6001,1376],"_links":{"self":[{"href":"http:\/\/desarrollo.grupomedios.com\/futbol\/wp-json\/wp\/v2\/posts\/516268"}],"collection":[{"href":"http:\/\/desarrollo.grupomedios.com\/futbol\/wp-json\/wp\/v2\/posts"}],"about":[{"href":"http:\/\/desarrollo.grupomedios.com\/futbol\/wp-json\/wp\/v2\/types\/post"}],"author":[{"embeddable":true,"href":"http:\/\/desarrollo.grupomedios.com\/futbol\/wp-json\/wp\/v2\/users\/159"}],"replies":[{"embeddable":true,"href":"http:\/\/desarrollo.grupomedios.com\/futbol\/wp-json\/wp\/v2\/comments?post=516268"}],"version-history":[{"count":1,"href":"http:\/\/desarrollo.grupomedios.com\/futbol\/wp-json\/wp\/v2\/posts\/516268\/revisions"}],"predecessor-version":[{"id":516270,"href":"http:\/\/desarrollo.grupomedios.com\/futbol\/wp-json\/wp\/v2\/posts\/516268\/revisions\/516270"}],"wp:featuredmedia":[{"embeddable":true,"href":"http:\/\/desarrollo.grupomedios.com\/futbol\/wp-json\/wp\/v2\/media\/516269"}],"wp:attachment":[{"href":"http:\/\/desarrollo.grupomedios.com\/futbol\/wp-json\/wp\/v2\/media?parent=516268"}],"wp:term":[{"taxonomy":"category","embeddable":true,"href":"http:\/\/desarrollo.grupomedios.com\/futbol\/wp-json\/wp\/v2\/categories?post=516268"},{"taxonomy":"post_tag","embeddable":true,"href":"http:\/\/desarrollo.grupomedios.com\/futbol\/wp-json\/wp\/v2\/tags?post=516268"}],"curies":[{"name":"wp","href":"https:\/\/api.w.org\/{rel}","templated":true}]}}