{"id":516271,"date":"2018-01-31T12:31:41","date_gmt":"2018-01-31T18:31:41","guid":{"rendered":"https:\/\/www.futboltotal.com.mx\/?p=516271"},"modified":"2018-01-31T12:33:32","modified_gmt":"2018-01-31T18:33:32","slug":"olivier-giroud-nuevo-futbolista-del-chelsea","status":"publish","type":"post","link":"http:\/\/desarrollo.grupomedios.com\/futbol\/futbol-internacional\/olivier-giroud-nuevo-futbolista-del-chelsea\/2018\/01","title":{"rendered":"OFICIAL: Olivier Giroud, nuevo futbolista del Chelsea"},"content":{"rendered":"<p>El<strong> Chelsea<\/strong> ha hecho oficial este mi\u00e9rcoles la contrataci\u00f3n del delantero franc\u00e9s <strong>Olivier Giroud<\/strong>, por una cantidad que no ha sido especificada, para los pr\u00f3ximos 18 meses, por lo que compartir\u00e1 la delantera &#8216;Blue&#8217; con el espa\u00f1ol <strong>\u00c1lvaro Morata<\/strong>, inform\u00f3 el club de <strong>Stamford Bridge<\/strong>.<\/p>\n<p>Giroud, de 31 a\u00f1os, lucir\u00e1 el dorsal 18 en el club londinense al que llega tras cinco temporadas y media a las \u00f3rdenes de Arsene Wenger.<\/p>\n<p>El montante de la operaci\u00f3n no ha sido desvelado, aunque seg\u00fan medios brit\u00e1nicos, ascender\u00eda a 1<strong>5 millones de libras<\/strong> (17 millones de euros) m\u00e1s <strong>2,2 millones en variables<\/strong> (2,5 millones de euros).<\/p>\n<p><mark>&#8220;El Chelsea es uno de los equipos m\u00e1s grandes de la Premier League. Han ganado la mayor\u00eda de los torneos en los \u00faltimos seis o siete a\u00f1os. Es un club impresionante y estoy orgulloso de haber firmado por ellos y poder empezar a jugar&#8221;<\/mark>, se\u00f1al\u00f3 el franc\u00e9s en declaraciones recogidas en la p\u00e1gina web del Chelsea.<\/p>\n<blockquote class=\"twitter-tweet\" data-lang=\"es\">\n<p dir=\"ltr\" lang=\"en\">Chelsea Football Club has today completed the signing of Olivier Giroud from Arsenal.<\/p>\n<p>Full story <a href=\"https:\/\/t.co\/XDqSwzsZmO\">https:\/\/t.co\/XDqSwzsZmO<\/a><a href=\"https:\/\/twitter.com\/hashtag\/GiroudIsBlue?src=hash&amp;ref_src=twsrc%5Etfw\">#GiroudIsBlue<\/a> <a href=\"https:\/\/t.co\/5d1sRuBNrB\">pic.twitter.com\/5d1sRuBNrB<\/a><\/p>\n<p>\u2014 Chelsea FC (@ChelseaFC) <a href=\"https:\/\/twitter.com\/ChelseaFC\/status\/958743642017058816?ref_src=twsrc%5Etfw\">31 de enero de 2018<\/a><\/p><\/blockquote>\n<p><script async src=\"https:\/\/platform.twitter.com\/widgets.js\" charset=\"utf-8\"><\/script><\/p>\n<p>En las filas &#8216;Gunners&#8217;, Giroud anot\u00f3 105 goles en 253 participaciones, adem\u00e1s de ganar tres <strong>FA Cup<\/strong> (Copa de Inglaterra) y tres <strong>Community Shield<\/strong> (Supercopa de Inglaterra).<\/p>\n<p>Giroud tambi\u00e9n se hizo con el galard\u00f3n individual del <strong>Premio Puskas 2017<\/strong>, gracias a un gol de &#8216;escorpi\u00f3n&#8217; ante el <strong>Crystal Palace<\/strong> en 2017.<\/p>\n<p>Ahora, a las \u00f3rdenes de <strong>Antonio Conte<\/strong>, el franc\u00e9s, al no haber disputado este a\u00f1o la Liga de Campeones con el Arsenal -jug\u00f3 Liga Europa-, estar\u00e1 disponible para los compromisos europeos del <strong>Chelsea<\/strong>, lo que incluye la eliminatoria de octavos de final de la Champions ante el Barcelona, cuyo partido de ida ser\u00e1 el pr\u00f3ximo 20 de febrero.<\/p>\n<blockquote class=\"twitter-tweet\" data-lang=\"es\">\n<p dir=\"ltr\" lang=\"en\">See you at the Bridge, <a href=\"https:\/\/twitter.com\/_OlivierGiroud_?ref_src=twsrc%5Etfw\">@_OlivierGiroud_<\/a>! <a href=\"https:\/\/twitter.com\/hashtag\/GiroudIsBlue?src=hash&amp;ref_src=twsrc%5Etfw\">#GiroudIsBlue<\/a> <a href=\"https:\/\/t.co\/EtkluPT2PE\">pic.twitter.com\/EtkluPT2PE<\/a><\/p>\n<p>\u2014 Chelsea FC (@ChelseaFC) <a href=\"https:\/\/twitter.com\/ChelseaFC\/status\/958755388471627776?ref_src=twsrc%5Etfw\">31 de enero de 2018<\/a><\/p><\/blockquote>\n<p><script async src=\"https:\/\/platform.twitter.com\/widgets.js\" charset=\"utf-8\"><\/script><\/p>\n<p style=\"text-align: center;\"><a href=\"https:\/\/www.futboltotal.com.mx\/futbol-internacional\/liga-de-francia-futbol-internacional\/la-razon-la-neymar-enfurecio-psg\/2018\/01\">VER M\u00c1S: La raz\u00f3n por la que Neymar enfureci\u00f3 con el PSG<\/a><\/p>\n<p>Este a\u00f1o, Giroud anot\u00f3 cuatro goles en 16 partidos de Premier League y su importancia en el Arsenal amenazaba con reducirse tras el fichaje del punta gabon\u00e9s <a href=\"https:\/\/www.futboltotal.com.mx\/futbol-internacional\/liga-de-inglaterra\/oficial-aubameyang-nuevo-jugador-del-arsenal\/2018\/01\" target=\"_blank\" rel=\"noopener\"><strong>Pierre-Emerick Aubameyang<\/strong><\/a> por 56 millones de libras (63,7 millones de euros), cifra r\u00e9cord en la historia del conjunto ingl\u00e9s.<\/p>\n<p>En el Chelsea, el galo competir\u00e1 en la delantera con el espa\u00f1ol \u00c1lvaro Morata por la posici\u00f3n de delantero titular, despu\u00e9s de que el conjunto &#8216;Blue&#8217; no llevara a cabo las incorporaciones de <strong>Andy Carroll, Fernando Llorente <\/strong>o<strong> Edin Dzeko<\/strong>, nombres que se han barajado para mejorar la delantera de los de Stamford Bridge.<\/p>\n<p>La llegada de Giroud coincide con la salida de <strong>Michy Batshuayi<\/strong> en calidad de cedido al <strong>Borussia de Dortmund<\/strong> hasta el final de temporada.<\/p>\n<blockquote class=\"twitter-tweet\" data-lang=\"es\">\n<p dir=\"ltr\" lang=\"de\">BVB leiht Michy <a href=\"https:\/\/twitter.com\/hashtag\/Batshuayi?src=hash&amp;ref_src=twsrc%5Etfw\">#Batshuayi<\/a> bis Saisonende vom <a href=\"https:\/\/twitter.com\/ChelseaFC?ref_src=twsrc%5Etfw\">@ChelseaFC<\/a> aus!<\/p>\n<p>Alle Infos: <a href=\"https:\/\/t.co\/WUplWHl5b4\">https:\/\/t.co\/WUplWHl5b4<\/a> <a href=\"https:\/\/t.co\/za5nQaT2dT\">pic.twitter.com\/za5nQaT2dT<\/a><\/p>\n<p>\u2014 Borussia Dortmund (@BVB) <a href=\"https:\/\/twitter.com\/BVB\/status\/958743246259261440?ref_src=twsrc%5Etfw\">31 de enero de 2018<\/a><\/p><\/blockquote>\n<p><script async src=\"https:\/\/platform.twitter.com\/widgets.js\" charset=\"utf-8\"><\/script><\/p>\n<p style=\"text-align: center;\"><a href=\"https:\/\/www.futboltotal.com.mx\/futbol-internacional\/liga-de-espana\/real-madrid-interesado-en-futbolista-del-zenit\/2018\/01\">VER M\u00c1S: Real Madrid, interesado en futbolista del Zenit<\/a><\/p>\n","protected":false},"excerpt":{"rendered":"<p>El delantero franc\u00e9s recal\u00f3 en el cuadro de Antonio Conte, que podr\u00e1 contar con \u00e9l para Champions League <\/p>\n","protected":false},"author":159,"featured_media":516272,"comment_status":"closed","ping_status":"closed","sticky":false,"template":"","format":"standard","meta":[],"categories":[3839,3846],"tags":[6047,5981,8592,6799,334],"_links":{"self":[{"href":"http:\/\/desarrollo.grupomedios.com\/futbol\/wp-json\/wp\/v2\/posts\/516271"}],"collection":[{"href":"http:\/\/desarrollo.grupomedios.com\/futbol\/wp-json\/wp\/v2\/posts"}],"about":[{"href":"http:\/\/desarrollo.grupomedios.com\/futbol\/wp-json\/wp\/v2\/types\/post"}],"author":[{"embeddable":true,"href":"http:\/\/desarrollo.grupomedios.com\/futbol\/wp-json\/wp\/v2\/users\/159"}],"replies":[{"embeddable":true,"href":"http:\/\/desarrollo.grupomedios.com\/futbol\/wp-json\/wp\/v2\/comments?post=516271"}],"version-history":[{"count":2,"href":"http:\/\/desarrollo.grupomedios.com\/futbol\/wp-json\/wp\/v2\/posts\/516271\/revisions"}],"predecessor-version":[{"id":516274,"href":"http:\/\/desarrollo.grupomedios.com\/futbol\/wp-json\/wp\/v2\/posts\/516271\/revisions\/516274"}],"wp:featuredmedia":[{"embeddable":true,"href":"http:\/\/desarrollo.grupomedios.com\/futbol\/wp-json\/wp\/v2\/media\/516272"}],"wp:attachment":[{"href":"http:\/\/desarrollo.grupomedios.com\/futbol\/wp-json\/wp\/v2\/media?parent=516271"}],"wp:term":[{"taxonomy":"category","embeddable":true,"href":"http:\/\/desarrollo.grupomedios.com\/futbol\/wp-json\/wp\/v2\/categories?post=516271"},{"taxonomy":"post_tag","embeddable":true,"href":"http:\/\/desarrollo.grupomedios.com\/futbol\/wp-json\/wp\/v2\/tags?post=516271"}],"curies":[{"name":"wp","href":"https:\/\/api.w.org\/{rel}","templated":true}]}}