{"id":516275,"date":"2018-01-31T12:46:27","date_gmt":"2018-01-31T18:46:27","guid":{"rendered":"https:\/\/www.futboltotal.com.mx\/?p=516275"},"modified":"2018-01-31T12:47:19","modified_gmt":"2018-01-31T18:47:19","slug":"formula-1-ya-tendra-chicas-en-la-parrilla-salida","status":"publish","type":"post","link":"http:\/\/desarrollo.grupomedios.com\/futbol\/no-todo-es-futbol\/formula-1-ya-tendra-chicas-en-la-parrilla-salida\/2018\/01","title":{"rendered":"F\u00f3rmula 1 ya no tendr\u00e1 chicas en la parrilla de salida"},"content":{"rendered":"<p>La costumbre de emplear azafatas en la parrilla da salida para sujetar cartelones o acompa\u00f1ar a los pilotos <mark>&#8220;es contraria a las actuales normas sociales&#8221;<\/mark> y no est\u00e1 en consonancia con &#8220;los nuevos valores&#8221; que quiere reflejar la<strong>\u00a0<span class=\"classCadenaBusqueda\">F\u00f3rmula<\/span>\u00a0Uno<\/strong>, por lo que esa figura desaparecer\u00e1 esta misma temporada, ha anunciado la corporaci\u00f3n Liberty Media, propietaria de la competici\u00f3n.<\/p>\n<p><mark>&#8220;Aunque la pr\u00e1ctica de emplear a chicas de parrilla ha sido una costumbre en los grandes premios de\u00a0<span class=\"classCadenaBusqueda\">F\u00f3rmula<\/span>\u00a0Uno durante d\u00e9cadas, sentimos que esa costumbre no casa con nuestros nuevos valores y claramente es contraria a las actuales normas sociales&#8221;,<\/mark> ha se\u00f1alado el director gerente de operaciones comerciales del campeonato, el alem\u00e1n Sean Bratches, en un comunicado.<\/p>\n<p style=\"text-align: center;\"><a href=\"https:\/\/www.futboltotal.com.mx\/futbol-internacional\/liga-de-inglaterra\/oficial-aubameyang-nuevo-jugador-del-arsenal\/2018\/01\">VER M\u00c1S: OFICIAL: Aubameyang, nuevo jugador del Arsenal<\/a><\/p>\n<p>La nueva pol\u00edtica entrar\u00e1 en vigor <strong>&#8220;con el comienzo de la temporada 2018&#8221;<\/strong> y tambi\u00e9n se aplicar\u00e1 a todas las pruebas de otras categor\u00edas que est\u00e9n programadas durante los fines de semana del calendario de la\u00a0<span class=\"classCadenaBusqueda\">F\u00f3rmula<\/span>Uno.<\/p>\n<p>Bratches se\u00f1ala que llevaban un a\u00f1o intentando localizar <strong>&#8220;las \u00e1reas que estaban necesitadas de una puesta al d\u00eda&#8221;<\/strong> en la\u00a0<span class=\"classCadenaBusqueda\">F\u00f3rmula<\/span>\u00a0Uno y la presencia de las azafatas en la parrilla de salida era una de ellas.<\/p>\n<p>&#8220;La\u00a0<span class=\"classCadenaBusqueda\">F\u00f3rmula<\/span>\u00a0Uno estima que el tiempo que los equipos y los pilotos pasan en la parrilla antes de la salida es un momento de celebraci\u00f3n, en el que los invitados y distintos actores pueden sumarse al espect\u00e1culo de un Gran Premio y permitir a los patrocinadores y socios mostrar sus pa\u00edses y sus productos&#8221;, a\u00f1ade la nota.<\/p>\n<p>El Gran Premio de Australia, el 25 de marzo, dar\u00e1 la salida a la nueva temporada de carreras.<\/p>\n<p style=\"text-align: center;\"><a href=\"https:\/\/www.futboltotal.com.mx\/futbol-mexicano\/liga-mx\/llegara-jonatan-maidana-al-toluca\/2018\/01\">VER M\u00c1S: \u00bfLlegar\u00e1 Jonatan Maidana al Toluca?<\/a><\/p>\n","protected":false},"excerpt":{"rendered":"<p>Las normas sociales actuales han sido las causantes para determinar esta nueva medida<\/p>\n","protected":false},"author":159,"featured_media":516276,"comment_status":"closed","ping_status":"closed","sticky":false,"template":"","format":"standard","meta":[],"categories":[5810,5418,6411],"tags":[7290,6412,5493,5815],"_links":{"self":[{"href":"http:\/\/desarrollo.grupomedios.com\/futbol\/wp-json\/wp\/v2\/posts\/516275"}],"collection":[{"href":"http:\/\/desarrollo.grupomedios.com\/futbol\/wp-json\/wp\/v2\/posts"}],"about":[{"href":"http:\/\/desarrollo.grupomedios.com\/futbol\/wp-json\/wp\/v2\/types\/post"}],"author":[{"embeddable":true,"href":"http:\/\/desarrollo.grupomedios.com\/futbol\/wp-json\/wp\/v2\/users\/159"}],"replies":[{"embeddable":true,"href":"http:\/\/desarrollo.grupomedios.com\/futbol\/wp-json\/wp\/v2\/comments?post=516275"}],"version-history":[{"count":1,"href":"http:\/\/desarrollo.grupomedios.com\/futbol\/wp-json\/wp\/v2\/posts\/516275\/revisions"}],"predecessor-version":[{"id":516277,"href":"http:\/\/desarrollo.grupomedios.com\/futbol\/wp-json\/wp\/v2\/posts\/516275\/revisions\/516277"}],"wp:featuredmedia":[{"embeddable":true,"href":"http:\/\/desarrollo.grupomedios.com\/futbol\/wp-json\/wp\/v2\/media\/516276"}],"wp:attachment":[{"href":"http:\/\/desarrollo.grupomedios.com\/futbol\/wp-json\/wp\/v2\/media?parent=516275"}],"wp:term":[{"taxonomy":"category","embeddable":true,"href":"http:\/\/desarrollo.grupomedios.com\/futbol\/wp-json\/wp\/v2\/categories?post=516275"},{"taxonomy":"post_tag","embeddable":true,"href":"http:\/\/desarrollo.grupomedios.com\/futbol\/wp-json\/wp\/v2\/tags?post=516275"}],"curies":[{"name":"wp","href":"https:\/\/api.w.org\/{rel}","templated":true}]}}