{"id":516284,"date":"2018-01-31T13:48:53","date_gmt":"2018-01-31T19:48:53","guid":{"rendered":"https:\/\/www.futboltotal.com.mx\/?p=516284"},"modified":"2018-01-31T14:16:22","modified_gmt":"2018-01-31T20:16:22","slug":"nfl-confirma-chiefs-vs-rams-en-azteca","status":"publish","type":"post","link":"http:\/\/desarrollo.grupomedios.com\/futbol\/no-todo-es-futbol\/nfl-confirma-chiefs-vs-rams-en-azteca\/2018\/01","title":{"rendered":"NFL confirma Chiefs vs Rams en el Azteca"},"content":{"rendered":"<p>Una vez m\u00e1s la Ciudad de M\u00e9xico tendr\u00e1 la oportunidad de vivir la emoci\u00f3n de un juego de la NFL, luego que este 2018 se llevar\u00e1 a cabo de nueva cuenta en el Estadio Azteca el duelo entre\u00a0<strong>Los Angeles Rams y\u00a0Kansas City Chiefs,\u00a0<\/strong>as\u00ed lo confirm\u00f3 el\u00a0comisionado de la\u00a0<strong>NFL<\/strong>,\u00a0<strong>Roger Goodell\u00a0<\/strong>y posteriormente la cuenta oficial de Twitter de la liga.<\/p>\n<p>Todav\u00eda no est\u00e1 confirmada la fecha, aunque se sabe que el encuentro se llevar\u00e1 a cabo de nueva cuenta en noviembre y ya no se realizar\u00e1 en octubre o noviembre como se ten\u00eda previamente planeado por la NFL. Ser\u00e1 en abril cuando salga el calendario de la siguiente temporada cuando se conozca\u00a0el horario y fecha del partido.<\/p>\n<blockquote class=\"twitter-tweet\" data-lang=\"es\">\n<p dir=\"ltr\" lang=\"es\">It\u2019s official: <a href=\"https:\/\/twitter.com\/Chiefs?ref_src=twsrc%5Etfw\">@Chiefs<\/a> vs <a href=\"https:\/\/twitter.com\/RamsNFL?ref_src=twsrc%5Etfw\">@RamsNFL<\/a> in Mexico City, 2018!<\/p>\n<p>\u00a1\u00a1Es oficial!! <a href=\"https:\/\/twitter.com\/RamsNFL?ref_src=twsrc%5Etfw\">@RamsNFL<\/a> y <a href=\"https:\/\/twitter.com\/Chiefs?ref_src=twsrc%5Etfw\">@Chiefs<\/a> jugar\u00e1n una nueva edici\u00f3n de <a href=\"https:\/\/twitter.com\/hashtag\/NFLM%C3%A9xico?src=hash&amp;ref_src=twsrc%5Etfw\">#NFLM\u00e9xico<\/a> este 2018. <a href=\"https:\/\/t.co\/98uEwweuCN\">pic.twitter.com\/98uEwweuCN<\/a><\/p>\n<p>\u2014 NFL (@NFL) <a href=\"https:\/\/twitter.com\/NFL\/status\/958780236350611457?ref_src=twsrc%5Etfw\">31 de enero de 2018<\/a><\/p><\/blockquote>\n<p><script async src=\"https:\/\/platform.twitter.com\/widgets.js\" charset=\"utf-8\"><\/script><\/p>\n<p style=\"text-align: center;\"><a href=\"https:\/\/www.futboltotal.com.mx\/no-todo-es-futbol\/autos\/formula-1-ya-tendra-chicas-en-la-parrilla-salida\/2018\/01\">VER M\u00c1S: F\u00f3rmula 1 ya no tendr\u00e1 chicas en la parrilla de salida<\/a><\/p>\n<p>De igual forma los Rams se encargaron de confirmar el duelo que tendr\u00e1n en M\u00e9xico; <strong>&#8220;Los Rams viajar\u00e1n a la Ciudad de M\u00e9xico para enfrentar a los Chiefs en 2018&#8221;<\/strong>. De igual forma los Chiefs hicieron referencia al duelo que tendr\u00e1n ante el equipo angelino. Para poder asistir al juego debes registrarte en el siguiente<a href=\"https:\/\/nflmexico.csharmony.epsilon.com\/dc\" target=\"_blank\" rel=\"noopener\"> link.<\/a><\/p>\n<blockquote class=\"twitter-tweet\" data-lang=\"es\">\n<p dir=\"ltr\" lang=\"es\">\u00a1Vamos Rams!<\/p>\n<p>The <a href=\"https:\/\/twitter.com\/hashtag\/LARams?src=hash&amp;ref_src=twsrc%5Etfw\">#LARams<\/a> are headed to Mexico City to face the Chiefs in 2018!<\/p>\n<p>Los Rams viajar\u00e1n a la Ciudad de M\u00e9xico para enfrentar a los Chiefs en 2018! <a href=\"https:\/\/t.co\/2l0bvFBYPv\">pic.twitter.com\/2l0bvFBYPv<\/a><\/p>\n<p>\u2014 Los Angeles Rams (@RamsNFL) <a href=\"https:\/\/twitter.com\/RamsNFL\/status\/958780115378417665?ref_src=twsrc%5Etfw\">31 de enero de 2018<\/a><\/p><\/blockquote>\n<p><script async src=\"https:\/\/platform.twitter.com\/widgets.js\" charset=\"utf-8\"><\/script><\/p>\n<blockquote class=\"twitter-tweet\" data-lang=\"es\">\n<p dir=\"ltr\" lang=\"en\">We will face the Los Angeles Rams in Mexico City in 2018.<\/p>\n<p>\u27a1\ufe0f <a href=\"https:\/\/t.co\/eu2W6xJ5db\">https:\/\/t.co\/eu2W6xJ5db<\/a> <a href=\"https:\/\/t.co\/dwKYav6brC\">pic.twitter.com\/dwKYav6brC<\/a><\/p>\n<p>\u2014 Kansas City Chiefs (@Chiefs) <a href=\"https:\/\/twitter.com\/Chiefs\/status\/958781295752024064?ref_src=twsrc%5Etfw\">31 de enero de 2018<\/a><\/p><\/blockquote>\n<p><script async src=\"https:\/\/platform.twitter.com\/widgets.js\" charset=\"utf-8\"><\/script><\/p>\n<p style=\"text-align: center;\"><a href=\"https:\/\/www.futboltotal.com.mx\/futbol-internacional\/liga-de-francia-futbol-internacional\/la-razon-la-neymar-enfurecio-psg\/2018\/01\">VER M\u00c1S: La raz\u00f3n por la que Neymar enfureci\u00f3 con el PSG<\/a><\/p>\n","protected":false},"excerpt":{"rendered":"<p>El Estadio Azteca ser\u00e1 testigo de un nuevo juego de futbol americano <\/p>\n","protected":false},"author":159,"featured_media":516287,"comment_status":"closed","ping_status":"closed","sticky":false,"template":"","format":"standard","meta":[],"categories":[5811,5418,6411],"tags":[10125,5223,9069,4395,11528],"_links":{"self":[{"href":"http:\/\/desarrollo.grupomedios.com\/futbol\/wp-json\/wp\/v2\/posts\/516284"}],"collection":[{"href":"http:\/\/desarrollo.grupomedios.com\/futbol\/wp-json\/wp\/v2\/posts"}],"about":[{"href":"http:\/\/desarrollo.grupomedios.com\/futbol\/wp-json\/wp\/v2\/types\/post"}],"author":[{"embeddable":true,"href":"http:\/\/desarrollo.grupomedios.com\/futbol\/wp-json\/wp\/v2\/users\/159"}],"replies":[{"embeddable":true,"href":"http:\/\/desarrollo.grupomedios.com\/futbol\/wp-json\/wp\/v2\/comments?post=516284"}],"version-history":[{"count":2,"href":"http:\/\/desarrollo.grupomedios.com\/futbol\/wp-json\/wp\/v2\/posts\/516284\/revisions"}],"predecessor-version":[{"id":516291,"href":"http:\/\/desarrollo.grupomedios.com\/futbol\/wp-json\/wp\/v2\/posts\/516284\/revisions\/516291"}],"wp:featuredmedia":[{"embeddable":true,"href":"http:\/\/desarrollo.grupomedios.com\/futbol\/wp-json\/wp\/v2\/media\/516287"}],"wp:attachment":[{"href":"http:\/\/desarrollo.grupomedios.com\/futbol\/wp-json\/wp\/v2\/media?parent=516284"}],"wp:term":[{"taxonomy":"category","embeddable":true,"href":"http:\/\/desarrollo.grupomedios.com\/futbol\/wp-json\/wp\/v2\/categories?post=516284"},{"taxonomy":"post_tag","embeddable":true,"href":"http:\/\/desarrollo.grupomedios.com\/futbol\/wp-json\/wp\/v2\/tags?post=516284"}],"curies":[{"name":"wp","href":"https:\/\/api.w.org\/{rel}","templated":true}]}}