{"id":516285,"date":"2018-01-31T14:04:13","date_gmt":"2018-01-31T20:04:13","guid":{"rendered":"https:\/\/www.futboltotal.com.mx\/?p=516285"},"modified":"2018-01-31T14:04:13","modified_gmt":"2018-01-31T20:04:13","slug":"te-acuerdas-mexico-vs-bosnia-del-debut-chepo","status":"publish","type":"post","link":"http:\/\/desarrollo.grupomedios.com\/futbol\/futbol-mexicano\/te-acuerdas-mexico-vs-bosnia-del-debut-chepo\/2018\/01","title":{"rendered":"\u00bfTe acuerdas de&#8230; el M\u00e9xico vs Bosnia del debut de Chepo?"},"content":{"rendered":"<p>La <strong>Selecci\u00f3n Mexicana<\/strong> volver\u00e1 a enfrentarse ante <strong>Bosnia y Herzegovina<\/strong> este mi\u00e9rcoles como el primer partido amistoso de preparaci\u00f3n rumbo a la <strong>Copa del Mundo de Rusia 2018.<\/strong><\/p>\n<p>Aprovechando el encuentro que se disputar\u00e1 en San Antonio, en <strong>Futbol Total<\/strong> recordamos el duelo que se llev\u00f3 a cabo en 2011, cuando Jos\u00e9 Manuel de la Torre debut\u00f3 como entrenador con el TRI.<\/p>\n<p>Aquel primer partido del <strong>Chepo<\/strong> fue el primero rumbo al proceso de Brasil 2014 y se encontraban varios jugadores que hab\u00edan estado en el mundial de Sud\u00e1frica 2010, donde el llamado de <strong>Edgar Pacheco<\/strong> fue el que sorprendi\u00f3 con su convocatoria y su actuaci\u00f3n.<\/p>\n<p style=\"text-align: center;\"><span style=\"color: #3366ff;\"><a href=\"https:\/\/www.futboltotal.com.mx\/futbol-mexicano\/liga-mx\/polemica-america-sevilla-similitud-en-foto-oficial\/2018\/01\">VER M\u00c1S: &#8216;Pol\u00e9mica\u2019 entre Am\u00e9rica y Sevilla por similitud en foto oficial<\/a><\/span><\/p>\n<p><img decoding=\"async\" loading=\"lazy\" class=\"alignnone size-full wp-image-516288\" src=\"https:\/\/www.futboltotal.com.mx\/wp-content\/uploads\/2018\/01\/te-acuerdas-de-mexico-vs-bosnia-2011.jpg\" alt=\"\u00bfTe acuerdas de&#8230; el M\u00e9xico vs Bosnia del debut de Chepo? 0\" srcset=\"http:\/\/desarrollo.grupomedios.com\/futbol\/wp-content\/uploads\/2018\/01\/te-acuerdas-de-mexico-vs-bosnia-2011.jpg 1136w, http:\/\/desarrollo.grupomedios.com\/futbol\/wp-content\/uploads\/2018\/01\/te-acuerdas-de-mexico-vs-bosnia-2011-300x169.jpg 300w, http:\/\/desarrollo.grupomedios.com\/futbol\/wp-content\/uploads\/2018\/01\/te-acuerdas-de-mexico-vs-bosnia-2011-768x432.jpg 768w, http:\/\/desarrollo.grupomedios.com\/futbol\/wp-content\/uploads\/2018\/01\/te-acuerdas-de-mexico-vs-bosnia-2011-1024x576.jpg 1024w, http:\/\/desarrollo.grupomedios.com\/futbol\/wp-content\/uploads\/2018\/01\/te-acuerdas-de-mexico-vs-bosnia-2011-393x221.jpg 393w\" sizes=\"(max-width: 1136px) 100vw, 1136px\" \/><\/p>\n<p>Para ese partido los titulares fueron <strong>Jos\u00e9 de Jes\u00fas Corona, Francisco Javier Rodr\u00edguez, H\u00e9ctor Moreno, Edgar Pacheco, Giovani Dos Santos, Paul Aguilar, Gerardo Torrado, Carlos Salcido, Pablo Barrera y Javier Hern\u00e1ndez<\/strong>; mientras que de cambio ingresaron\u00a0<strong>Aldo de Nigris<\/strong>, <strong>Chema C\u00e1rdenas<\/strong> y <strong>N\u00e9stor Calder\u00f3n.<\/strong><\/p>\n<p>En 2018, el \u00fanico que siguen siendo convocados es <em>Chuy<\/em>, Moreno, <em>Gio<\/em> y <em>Chicharito<\/em>, aunque para este encuentro solo est\u00e1 disponible el mayor de los Dos Santos.<\/p>\n<p style=\"text-align: center;\"><span style=\"color: #3366ff;\"><a href=\"https:\/\/www.futboltotal.com.mx\/futbol-mexicano\/seleccion-mexicana\/le-servira-amistoso-ante-bosnia-a-osorio\/2018\/01\">VER M\u00c1S: Para qu\u00e9 le servir\u00e1 el amistoso ante Bosnia a Osorio<\/a><\/span><\/p>\n<p>Durante este encuentro, el conjunto mexicano triunf\u00f3 gracias a un autogol de <strong>Miralem Pjanic<\/strong> y una excelente definici\u00f3n de Pacheco, quien cerr\u00f3 el triunfo en el debut del <strong>Chepo<\/strong>.<\/p>\n<p>Hern\u00e1ndez fall\u00f3 un penal y termin\u00f3 anotando Pjanic en propia puerta tras pelear con el mexicano, mientras que el entonces jugador del <strong>Atlas<\/strong>, defini\u00f3 por arriba ante la salida del arquero bosnio.<\/p>\n<p><iframe loading=\"lazy\" src=\"https:\/\/www.youtube.com\/embed\/tOZ1gKTkdqo\" frameborder=\"0\" allowfullscreen=\"allowfullscreen\"><\/iframe><\/p>\n","protected":false},"excerpt":{"rendered":"<p>El Chepo tuvo su primera prueba ante Bosnia en 2011. \u00bfCu\u00e1ntos quedan de ese partido?<\/p>\n","protected":false},"author":129,"featured_media":516288,"comment_status":"closed","ping_status":"closed","sticky":false,"template":"","format":"standard","meta":[],"categories":[7570,2198,3847],"tags":[4537,795,3883],"_links":{"self":[{"href":"http:\/\/desarrollo.grupomedios.com\/futbol\/wp-json\/wp\/v2\/posts\/516285"}],"collection":[{"href":"http:\/\/desarrollo.grupomedios.com\/futbol\/wp-json\/wp\/v2\/posts"}],"about":[{"href":"http:\/\/desarrollo.grupomedios.com\/futbol\/wp-json\/wp\/v2\/types\/post"}],"author":[{"embeddable":true,"href":"http:\/\/desarrollo.grupomedios.com\/futbol\/wp-json\/wp\/v2\/users\/129"}],"replies":[{"embeddable":true,"href":"http:\/\/desarrollo.grupomedios.com\/futbol\/wp-json\/wp\/v2\/comments?post=516285"}],"version-history":[{"count":1,"href":"http:\/\/desarrollo.grupomedios.com\/futbol\/wp-json\/wp\/v2\/posts\/516285\/revisions"}],"predecessor-version":[{"id":516290,"href":"http:\/\/desarrollo.grupomedios.com\/futbol\/wp-json\/wp\/v2\/posts\/516285\/revisions\/516290"}],"wp:featuredmedia":[{"embeddable":true,"href":"http:\/\/desarrollo.grupomedios.com\/futbol\/wp-json\/wp\/v2\/media\/516288"}],"wp:attachment":[{"href":"http:\/\/desarrollo.grupomedios.com\/futbol\/wp-json\/wp\/v2\/media?parent=516285"}],"wp:term":[{"taxonomy":"category","embeddable":true,"href":"http:\/\/desarrollo.grupomedios.com\/futbol\/wp-json\/wp\/v2\/categories?post=516285"},{"taxonomy":"post_tag","embeddable":true,"href":"http:\/\/desarrollo.grupomedios.com\/futbol\/wp-json\/wp\/v2\/tags?post=516285"}],"curies":[{"name":"wp","href":"https:\/\/api.w.org\/{rel}","templated":true}]}}