{"id":516297,"date":"2018-01-31T15:18:30","date_gmt":"2018-01-31T21:18:30","guid":{"rendered":"https:\/\/www.futboltotal.com.mx\/?p=516297"},"modified":"2018-01-31T15:49:02","modified_gmt":"2018-01-31T21:49:02","slug":"aubameyang-se-compara-thierry-henry-en-arsenal","status":"publish","type":"post","link":"http:\/\/desarrollo.grupomedios.com\/futbol\/futbol-internacional\/aubameyang-se-compara-thierry-henry-en-arsenal\/2018\/01","title":{"rendered":"Aubameyang se compara con Thierry Henry en el Arsenal"},"content":{"rendered":"<p>El delantero gabon\u00e9s <strong>Pierre-Emerick Aubameyang<\/strong>, fichado este mi\u00e9rcoles por el <strong>Arsenal<\/strong>, se compar\u00f3 hoy con la leyenda francesa de los <em>Gunners<\/em>\u00a0<strong>Thierry Henry<\/strong> al definirse como un jugador &#8220;r\u00e1pido&#8221; que mete goles, &#8220;un poco como Henry&#8221;.<\/p>\n<p>En declaraciones recogidas en la p\u00e1gina web del <strong>Arsenal,<\/strong> el jugador de 28 a\u00f1os, llegado desde el <strong>Borussia de Dortmund<\/strong> por 56 millones de libras (63,7 millones de euros), destac\u00f3 que Henry es un &#8220;ejemplo&#8221; para todos los delanteros y que trabajar\u00e1 mucho para poder ser como \u00e9l.<\/p>\n<p style=\"text-align: center;\"><a href=\"https:\/\/www.futboltotal.com.mx\/futbol-mexicano\/liga-mx\/jesus-martinez-defiende-a-grupo-pachuca-televisa\/2018\/01\"><span style=\"color: #3366ff;\">VER M\u00c1S: Jes\u00fas Mart\u00ednez defiende a Grupo Pachuca de Televisa<\/span><\/a><\/p>\n<p>&#8220;Creo que el club tiene una gran historia y grandes jugadores como Thierry Henry. \u00c9l es un ejemplo para nosotros los delanteros. Estoy muy feliz de estar aqu\u00ed&#8221;, a\u00f1adi\u00f3 el que fuera canterano del <strong>Mil\u00e1n<\/strong>.<\/p>\n<p>Entre los objetivos de su nuevo club, que en estos momentos marcha sexto, a tres puntos del <strong>Tottenham Hotspur,<\/strong> pero con un partido m\u00e1s, Aubameyang espera ayudar para que vuelvan &#8220;a lo m\u00e1s alto lo m\u00e1s r\u00e1pido posible&#8221;.<\/p>\n<p>&#8220;Dar\u00e9 lo mejor de m\u00ed mismo para que as\u00ed sea&#8221;, se\u00f1al\u00f3 el punta africano.<\/p>\n<p>Despu\u00e9s de semanas de negociaciones, <strong>Arsenal<\/strong> y Dortmund llegaron a un acuerdo para el traspaso del jugador, quien pas\u00f3 ayer la pertinente revisi\u00f3n m\u00e9dica, por 56 millones de libras, lo que le convierte en el fichaje m\u00e1s caro de la historia de los de Wenger, superando los 46,5 millones de libras que pagaron el pasado verano al <strong>Olympique de Lyon<\/strong> por el delantero franc\u00e9s <strong>Alexandre Lacazette<\/strong>.<\/p>\n","protected":false},"excerpt":{"rendered":"<p>El gabon\u00e9s se compar\u00f3 con el franc\u00e9s que fue campe\u00f3n.<\/p>\n","protected":false},"author":129,"featured_media":516299,"comment_status":"closed","ping_status":"closed","sticky":false,"template":"","format":"standard","meta":[],"categories":[3839,3846],"tags":[5861,6214,949],"_links":{"self":[{"href":"http:\/\/desarrollo.grupomedios.com\/futbol\/wp-json\/wp\/v2\/posts\/516297"}],"collection":[{"href":"http:\/\/desarrollo.grupomedios.com\/futbol\/wp-json\/wp\/v2\/posts"}],"about":[{"href":"http:\/\/desarrollo.grupomedios.com\/futbol\/wp-json\/wp\/v2\/types\/post"}],"author":[{"embeddable":true,"href":"http:\/\/desarrollo.grupomedios.com\/futbol\/wp-json\/wp\/v2\/users\/129"}],"replies":[{"embeddable":true,"href":"http:\/\/desarrollo.grupomedios.com\/futbol\/wp-json\/wp\/v2\/comments?post=516297"}],"version-history":[{"count":2,"href":"http:\/\/desarrollo.grupomedios.com\/futbol\/wp-json\/wp\/v2\/posts\/516297\/revisions"}],"predecessor-version":[{"id":516310,"href":"http:\/\/desarrollo.grupomedios.com\/futbol\/wp-json\/wp\/v2\/posts\/516297\/revisions\/516310"}],"wp:featuredmedia":[{"embeddable":true,"href":"http:\/\/desarrollo.grupomedios.com\/futbol\/wp-json\/wp\/v2\/media\/516299"}],"wp:attachment":[{"href":"http:\/\/desarrollo.grupomedios.com\/futbol\/wp-json\/wp\/v2\/media?parent=516297"}],"wp:term":[{"taxonomy":"category","embeddable":true,"href":"http:\/\/desarrollo.grupomedios.com\/futbol\/wp-json\/wp\/v2\/categories?post=516297"},{"taxonomy":"post_tag","embeddable":true,"href":"http:\/\/desarrollo.grupomedios.com\/futbol\/wp-json\/wp\/v2\/tags?post=516297"}],"curies":[{"name":"wp","href":"https:\/\/api.w.org\/{rel}","templated":true}]}}