{"id":516324,"date":"2018-01-31T16:22:05","date_gmt":"2018-01-31T22:22:05","guid":{"rendered":"https:\/\/www.futboltotal.com.mx\/?p=516324"},"modified":"2018-01-31T16:22:05","modified_gmt":"2018-01-31T22:22:05","slug":"america-chamaquea-al-piojo-herrera","status":"publish","type":"post","link":"http:\/\/desarrollo.grupomedios.com\/futbol\/futbol-mexicano\/america-chamaquea-al-piojo-herrera\/2018\/01","title":{"rendered":"Am\u00e9rica &#8216;chamaquea&#8217; al &#8216;Piojo&#8217; Herrera"},"content":{"rendered":"<p>Una decepci\u00f3n es la que se ha llevado el t\u00e9cnico <strong>Miguel Herrera<\/strong> al dar a conocer que las \u00c1guilas no traer\u00e1n a ning\u00fan refuerzo m\u00e1s para el <strong>Torneo Clausura 2018<\/strong>.<\/p>\n<p>Humo en Coapa fue lo que se cre\u00f3 durante las \u00faltimas horas con las posibles llegadas de <strong>Carlos Bacca, Jozy Altidore<\/strong> y en su momento un refuerzo &#8220;colombiano o argentino&#8221; m\u00e1s.<\/p>\n<p>El &#8216;<em>Piojo<\/em>&#8216; afirm\u00f3 que quer\u00eda traer a un &#8216;9&#8217; sudamericano m\u00e1s para apuntalar su plantel, pero las negociaciones no pudieron cerrarse y la plantilla se quedar\u00e1 como est\u00e1.<\/p>\n<p style=\"text-align: center;\"><span style=\"color: #333399;\"><a href=\"https:\/\/www.futboltotal.com.mx\/futbol-mexicano\/polemica-america-sevilla-similitud-en-foto-oficial\/2018\/01\">VER M\u00c1S:\u00a0<span class=\"item-title\">\u2018Pol\u00e9mica\u2019 entre Am\u00e9rica y Sevilla por similitud en foto oficial<\/span><\/a><\/span><\/p>\n<p><strong>J\u00e9r\u00e9my M\u00e9nez<\/strong> se quedar\u00e1 como la principal &#8220;bomba&#8221; de este torneo y las <em>\u00c1guilas<\/em> cerraron su plantilla para el resto del torneo.<\/p>\n","protected":false},"excerpt":{"rendered":"<p>Las \u00c1guilas no le cumplieron su deseo al t\u00e9cnico azulcrema<\/p>\n","protected":false},"author":160,"featured_media":516325,"comment_status":"closed","ping_status":"closed","sticky":false,"template":"","format":"standard","meta":[],"categories":[2198,3845],"tags":[5959,64,255],"_links":{"self":[{"href":"http:\/\/desarrollo.grupomedios.com\/futbol\/wp-json\/wp\/v2\/posts\/516324"}],"collection":[{"href":"http:\/\/desarrollo.grupomedios.com\/futbol\/wp-json\/wp\/v2\/posts"}],"about":[{"href":"http:\/\/desarrollo.grupomedios.com\/futbol\/wp-json\/wp\/v2\/types\/post"}],"author":[{"embeddable":true,"href":"http:\/\/desarrollo.grupomedios.com\/futbol\/wp-json\/wp\/v2\/users\/160"}],"replies":[{"embeddable":true,"href":"http:\/\/desarrollo.grupomedios.com\/futbol\/wp-json\/wp\/v2\/comments?post=516324"}],"version-history":[{"count":1,"href":"http:\/\/desarrollo.grupomedios.com\/futbol\/wp-json\/wp\/v2\/posts\/516324\/revisions"}],"predecessor-version":[{"id":516326,"href":"http:\/\/desarrollo.grupomedios.com\/futbol\/wp-json\/wp\/v2\/posts\/516324\/revisions\/516326"}],"wp:featuredmedia":[{"embeddable":true,"href":"http:\/\/desarrollo.grupomedios.com\/futbol\/wp-json\/wp\/v2\/media\/516325"}],"wp:attachment":[{"href":"http:\/\/desarrollo.grupomedios.com\/futbol\/wp-json\/wp\/v2\/media?parent=516324"}],"wp:term":[{"taxonomy":"category","embeddable":true,"href":"http:\/\/desarrollo.grupomedios.com\/futbol\/wp-json\/wp\/v2\/categories?post=516324"},{"taxonomy":"post_tag","embeddable":true,"href":"http:\/\/desarrollo.grupomedios.com\/futbol\/wp-json\/wp\/v2\/tags?post=516324"}],"curies":[{"name":"wp","href":"https:\/\/api.w.org\/{rel}","templated":true}]}}