{"id":516336,"date":"2018-01-31T19:16:59","date_gmt":"2018-02-01T01:16:59","guid":{"rendered":"https:\/\/www.futboltotal.com.mx\/?p=516336"},"modified":"2018-01-31T19:16:59","modified_gmt":"2018-02-01T01:16:59","slug":"chivas-en-serios-problemas-duelo-contra-puebla","status":"publish","type":"post","link":"http:\/\/desarrollo.grupomedios.com\/futbol\/futbol-mexicano\/chivas-en-serios-problemas-duelo-contra-puebla\/2018\/01","title":{"rendered":"Chivas, en serios problemas para duelo contra Puebla"},"content":{"rendered":"<p>Las <strong>Chivas Rayadas del Guadalajara<\/strong> se han metido en problemas para su duelo de la Jornada 5 contra la <strong>Franja del Puebla<\/strong>.<\/p>\n<p>El defensa de los rojiblancos <strong>Jair Pereira<\/strong> se resinti\u00f3 de un problema muscular y est\u00e1 en duda para el partido del pr\u00f3ximo en viernes en el estadio Cuauht\u00e9moc.<\/p>\n<p>Esto se suma a la lesi\u00f3n que tiene <strong>Alan Pulido<\/strong> en el tobillo que est\u00e1 practicamente descartado para el encuentro contra los poblanos.<\/p>\n<p style=\"text-align: center;\"><a href=\"https:\/\/www.futboltotal.com.mx\/futbol-mexicano\/america-chamaquea-al-piojo-herrera\/2018\/01\">VER M\u00c1S:\u00a0<span class=\"item-title\">Am\u00e9rica \u2018chamaquea\u2019 al \u2018Piojo\u2019 Herrera<\/span><\/a><\/p>\n<p>Adem\u00e1s, las Chivas tendr\u00edan las bajas de <strong>Orbel\u00edn Pineda, Oswaldo Alan\u00eds, Rodolfo Pizarro<\/strong> y su arquero titular <strong>Rodolfo Cota<\/strong> por estar con la Selecci\u00f3n Nacional para el duelo contra Bosnia y Herzegovina.<\/p>\n","protected":false},"excerpt":{"rendered":"<p>El Reba\u00f1o suma una gran cantidad de ausencias entre lesionados y convocados al Tri<\/p>\n","protected":false},"author":160,"featured_media":516337,"comment_status":"closed","ping_status":"closed","sticky":false,"template":"","format":"standard","meta":[],"categories":[2198,3845],"tags":[70,64,5969],"_links":{"self":[{"href":"http:\/\/desarrollo.grupomedios.com\/futbol\/wp-json\/wp\/v2\/posts\/516336"}],"collection":[{"href":"http:\/\/desarrollo.grupomedios.com\/futbol\/wp-json\/wp\/v2\/posts"}],"about":[{"href":"http:\/\/desarrollo.grupomedios.com\/futbol\/wp-json\/wp\/v2\/types\/post"}],"author":[{"embeddable":true,"href":"http:\/\/desarrollo.grupomedios.com\/futbol\/wp-json\/wp\/v2\/users\/160"}],"replies":[{"embeddable":true,"href":"http:\/\/desarrollo.grupomedios.com\/futbol\/wp-json\/wp\/v2\/comments?post=516336"}],"version-history":[{"count":1,"href":"http:\/\/desarrollo.grupomedios.com\/futbol\/wp-json\/wp\/v2\/posts\/516336\/revisions"}],"predecessor-version":[{"id":516338,"href":"http:\/\/desarrollo.grupomedios.com\/futbol\/wp-json\/wp\/v2\/posts\/516336\/revisions\/516338"}],"wp:featuredmedia":[{"embeddable":true,"href":"http:\/\/desarrollo.grupomedios.com\/futbol\/wp-json\/wp\/v2\/media\/516337"}],"wp:attachment":[{"href":"http:\/\/desarrollo.grupomedios.com\/futbol\/wp-json\/wp\/v2\/media?parent=516336"}],"wp:term":[{"taxonomy":"category","embeddable":true,"href":"http:\/\/desarrollo.grupomedios.com\/futbol\/wp-json\/wp\/v2\/categories?post=516336"},{"taxonomy":"post_tag","embeddable":true,"href":"http:\/\/desarrollo.grupomedios.com\/futbol\/wp-json\/wp\/v2\/tags?post=516336"}],"curies":[{"name":"wp","href":"https:\/\/api.w.org\/{rel}","templated":true}]}}