{"id":516339,"date":"2018-01-31T19:57:54","date_gmt":"2018-02-01T01:57:54","guid":{"rendered":"https:\/\/www.futboltotal.com.mx\/?p=516339"},"modified":"2018-01-31T19:57:54","modified_gmt":"2018-02-01T01:57:54","slug":"gotcha-jeremy-menez-emociona-al-america","status":"publish","type":"post","link":"http:\/\/desarrollo.grupomedios.com\/futbol\/futbol-mexicano\/gotcha-jeremy-menez-emociona-al-america\/2018\/01","title":{"rendered":"El gotcha de J\u00e9r\u00e9my M\u00e9nez que emociona al Am\u00e9rica"},"content":{"rendered":"<p>La interacci\u00f3n de los jugadores del Am\u00e9rica con el futbolista franc\u00e9s <strong>J\u00e9r\u00e9my M\u00e9nez<\/strong> ha sido sensacional.<\/p>\n<p>El delantero galo presumi\u00f3 en su cuenta de redes sociales una imagen en la que aparece con varios de sus compa\u00f1eros jugando gotcha.<\/p>\n<p>M\u00e9nez ya tuvo sus primeros minutos en el futbol mexicano cuando disput\u00f3 la Jornada 4 con las <strong>\u00c1guilas del Am\u00e9rica<\/strong> en su partido contra los <strong>Rojinegros del Atlas<\/strong>.<\/p>\n<p style=\"text-align: center;\"><span style=\"color: #333399;\"><a href=\"https:\/\/www.futboltotal.com.mx\/futbol-mexicano\/america-chamaquea-al-piojo-herrera\/2018\/01\">VER M\u00c1S:\u00a0<span class=\"item-title\">Am\u00e9rica \u2018chamaquea\u2019 al \u2018Piojo\u2019 Herrera<\/span><\/a><\/span><\/p>\n<p>Esta fue la imagen que comparti\u00f3 M\u00e9nez en su <em>Instagram<\/em>.<\/p>\n<blockquote class=\"instagram-media\" style=\"background: #FFF; border: 0; border-radius: 3px; box-shadow: 0 0 1px 0 rgba(0,0,0,0.5),0 1px 10px 0 rgba(0,0,0,0.15); margin: 1px; max-width: 658px; padding: 0; width: calc(100% - 2px);\" data-instgrm-captioned=\"\" data-instgrm-permalink=\"https:\/\/www.instagram.com\/p\/BeoU5nQlnrs\/\" data-instgrm-version=\"8\">\n<div style=\"padding: 8px;\">\n<div style=\"background: #F8F8F8; line-height: 0; margin-top: 40px; padding: 50.0% 0; text-align: center; width: 100%;\"><\/div>\n<p style=\"margin: 8px 0 0 0; padding: 0 4px;\"><a style=\"color: #000; font-family: Arial,sans-serif; font-size: 14px; font-style: normal; font-weight: normal; line-height: 17px; text-decoration: none; word-wrap: break-word;\" href=\"https:\/\/www.instagram.com\/p\/BeoU5nQlnrs\/\" target=\"_blank\" rel=\"noopener\">quien es quien? &#x1f602;&#x1f602;&#x1f602; et oui j\u2019ai gagn\u00e9 &#x1f4aa;&#x1f3fb;&#x1f4aa;&#x1f3fb;&#x1f61c;&#x1f61c;<\/a><\/p>\n<p style=\"color: #c9c8cd; font-family: Arial,sans-serif; font-size: 14px; line-height: 17px; margin-bottom: 0; margin-top: 8px; overflow: hidden; padding: 8px 0 7px; text-align: center; text-overflow: ellipsis; white-space: nowrap;\">Una publicaci\u00f3n compartida de <a style=\"color: #c9c8cd; font-family: Arial,sans-serif; font-size: 14px; font-style: normal; font-weight: normal; line-height: 17px;\" href=\"https:\/\/www.instagram.com\/jeremy_menez187\/\" target=\"_blank\" rel=\"noopener\"> jeremy menez 7<\/a> (@jeremy_menez187) el <time style=\"font-family: Arial,sans-serif; font-size: 14px; line-height: 17px;\" datetime=\"2018-01-31T22:10:19+00:00\">Ene 31, 2018 at 2:10 PST<\/time><\/p>\n<\/div>\n<\/blockquote>\n<p><script async defer src=\"\/\/platform.instagram.com\/en_US\/embeds.js\"><\/script><\/p>\n","protected":false},"excerpt":{"rendered":"<p>El delantero franc\u00e9s demostr\u00f3 la gran armon\u00eda que tiene con sus compa\u00f1eros<\/p>\n","protected":false},"author":160,"featured_media":516340,"comment_status":"closed","ping_status":"closed","sticky":false,"template":"","format":"standard","meta":[],"categories":[2198,3845],"tags":[5959,7303],"_links":{"self":[{"href":"http:\/\/desarrollo.grupomedios.com\/futbol\/wp-json\/wp\/v2\/posts\/516339"}],"collection":[{"href":"http:\/\/desarrollo.grupomedios.com\/futbol\/wp-json\/wp\/v2\/posts"}],"about":[{"href":"http:\/\/desarrollo.grupomedios.com\/futbol\/wp-json\/wp\/v2\/types\/post"}],"author":[{"embeddable":true,"href":"http:\/\/desarrollo.grupomedios.com\/futbol\/wp-json\/wp\/v2\/users\/160"}],"replies":[{"embeddable":true,"href":"http:\/\/desarrollo.grupomedios.com\/futbol\/wp-json\/wp\/v2\/comments?post=516339"}],"version-history":[{"count":1,"href":"http:\/\/desarrollo.grupomedios.com\/futbol\/wp-json\/wp\/v2\/posts\/516339\/revisions"}],"predecessor-version":[{"id":516341,"href":"http:\/\/desarrollo.grupomedios.com\/futbol\/wp-json\/wp\/v2\/posts\/516339\/revisions\/516341"}],"wp:featuredmedia":[{"embeddable":true,"href":"http:\/\/desarrollo.grupomedios.com\/futbol\/wp-json\/wp\/v2\/media\/516340"}],"wp:attachment":[{"href":"http:\/\/desarrollo.grupomedios.com\/futbol\/wp-json\/wp\/v2\/media?parent=516339"}],"wp:term":[{"taxonomy":"category","embeddable":true,"href":"http:\/\/desarrollo.grupomedios.com\/futbol\/wp-json\/wp\/v2\/categories?post=516339"},{"taxonomy":"post_tag","embeddable":true,"href":"http:\/\/desarrollo.grupomedios.com\/futbol\/wp-json\/wp\/v2\/tags?post=516339"}],"curies":[{"name":"wp","href":"https:\/\/api.w.org\/{rel}","templated":true}]}}