{"id":516357,"date":"2018-02-01T08:48:03","date_gmt":"2018-02-01T14:48:03","guid":{"rendered":"https:\/\/www.futboltotal.com.mx\/?p=516357"},"modified":"2018-02-01T08:48:03","modified_gmt":"2018-02-01T14:48:03","slug":"mourinho-pogba-se-encienden-en-acalorada-discusion","status":"publish","type":"post","link":"http:\/\/desarrollo.grupomedios.com\/futbol\/futbol-internacional\/mourinho-pogba-se-encienden-en-acalorada-discusion\/2018\/02","title":{"rendered":"Mourinho y Pogba se encienden en acalorada discusi\u00f3n"},"content":{"rendered":"<p>El estratega del <strong>Manchester United Jos\u00e9 Mourinho<\/strong> es uno de los que m\u00e1s demuestra su molestia ante la derrota de un encuentro importante, tal y como le sucedi\u00f3 ante el <strong>Tottenham Hotspur<\/strong> en la <strong>Premier League<\/strong>, esto qued\u00f3 plasmado al ver la acalorada discusi\u00f3n que se present\u00f3 con el mediocampista franc\u00e9s, <strong>Paul Pogba<\/strong> durante el encuentro y en pleno terreno de juego.<\/p>\n<p>Durante la segunda parte, cuando el encuentro apenas ten\u00eda diez minutos de comenzado, el mediocampista se acerc\u00f3 hacia la banca donde se acerc\u00f3 al portugu\u00e9s para reclamarle que no deseaba<strong>\u00a0<\/strong>jugar en un mediocentro de dos futbolistas, pues deseaba jugar m\u00e1s adelantado en busca del empate y dejar al serbio <strong>Matic<\/strong> solo en la medular, pero a Mourinho no le gust\u00f3 la propuesta que le hizo, tanto as\u00ed que prefiri\u00f3 sustituir al franc\u00e9s.<\/p>\n<p style=\"text-align: center;\"><a href=\"https:\/\/www.futboltotal.com.mx\/futbol-mexicano\/liga-mx\/gotcha-jeremy-menez-emociona-al-america\/2018\/01\">VER M\u00c1S: El gotcha de J\u00e9r\u00e9my M\u00e9nez que emociona al Am\u00e9rica<\/a><\/p>\n<p>El belga\u00a0<strong>Marouane Fellaini\u00a0<\/strong>fue quien tom\u00f3 su lugar y lo incre\u00edble es que solo dur\u00f3 7 minutos en el terreno de juego, pues el portugu\u00e9s lo sustituy\u00f3 por<strong>\u00a0Ander Herrera<\/strong> algo que hizo encender las alarmas sobre otro episodio pol\u00e9mico, sin embargo el estratega expres\u00f3 que;\u00a0<span title=\"Jose Mourinho said after the match: \u201cHe came off because he had something in his knee.\">&#8220;se fue porque sinti\u00f3 algo en la rodilla.<\/span><span title=\"Unlucky for him and unlucky for me.\">Mala suerte para \u00e9l y mala suerte para m\u00ed.<\/span>\u00a0<span title=\"He came on with enthusiasm, but he has an injury in his ligament.\u201c\">Vino con entusiasmo, pero tuvimos que cambiarle&#8221;.<\/span><\/p>\n<blockquote class=\"twitter-tweet\" data-lang=\"es\">\n<p dir=\"ltr\" lang=\"es\">Mourinho y Pogba tienen una acalorada discosi\u00f3n en la linea de banda. Videos. <a href=\"https:\/\/t.co\/hSbUbMhlOT\">pic.twitter.com\/hSbUbMhlOT<\/a>&#8220;<\/p>\n<p>\u2014 Fred Capit\u00e1n #MUFC (@Fred_MUFC) <a href=\"https:\/\/twitter.com\/Fred_MUFC\/status\/959044887059582978?ref_src=twsrc%5Etfw\">1 de febrero de 2018<\/a><\/p><\/blockquote>\n<p><script async src=\"https:\/\/platform.twitter.com\/widgets.js\" charset=\"utf-8\"><\/script><\/p>\n<p style=\"text-align: center;\"><a href=\"https:\/\/www.futboltotal.com.mx\/futbol-internacional\/liga-de-espana\/miguel-layun-aparece-en-empate-leganes-sevilla\/2018\/01\">VER M\u00c1S: Miguel Lay\u00fan aparece en el empate entre L\u00e9ganes y Sevilla<\/a><\/p>\n","protected":false},"excerpt":{"rendered":"<p>El entrenador portugu\u00e9s tuvo otro de esos pol\u00e9micos eventos, ahora con el futbolista franc\u00e9s<\/p>\n","protected":false},"author":159,"featured_media":516358,"comment_status":"closed","ping_status":"closed","sticky":false,"template":"","format":"standard","meta":[],"categories":[3839,3846],"tags":[11695,43,6104,334,7017],"_links":{"self":[{"href":"http:\/\/desarrollo.grupomedios.com\/futbol\/wp-json\/wp\/v2\/posts\/516357"}],"collection":[{"href":"http:\/\/desarrollo.grupomedios.com\/futbol\/wp-json\/wp\/v2\/posts"}],"about":[{"href":"http:\/\/desarrollo.grupomedios.com\/futbol\/wp-json\/wp\/v2\/types\/post"}],"author":[{"embeddable":true,"href":"http:\/\/desarrollo.grupomedios.com\/futbol\/wp-json\/wp\/v2\/users\/159"}],"replies":[{"embeddable":true,"href":"http:\/\/desarrollo.grupomedios.com\/futbol\/wp-json\/wp\/v2\/comments?post=516357"}],"version-history":[{"count":1,"href":"http:\/\/desarrollo.grupomedios.com\/futbol\/wp-json\/wp\/v2\/posts\/516357\/revisions"}],"predecessor-version":[{"id":516359,"href":"http:\/\/desarrollo.grupomedios.com\/futbol\/wp-json\/wp\/v2\/posts\/516357\/revisions\/516359"}],"wp:featuredmedia":[{"embeddable":true,"href":"http:\/\/desarrollo.grupomedios.com\/futbol\/wp-json\/wp\/v2\/media\/516358"}],"wp:attachment":[{"href":"http:\/\/desarrollo.grupomedios.com\/futbol\/wp-json\/wp\/v2\/media?parent=516357"}],"wp:term":[{"taxonomy":"category","embeddable":true,"href":"http:\/\/desarrollo.grupomedios.com\/futbol\/wp-json\/wp\/v2\/categories?post=516357"},{"taxonomy":"post_tag","embeddable":true,"href":"http:\/\/desarrollo.grupomedios.com\/futbol\/wp-json\/wp\/v2\/tags?post=516357"}],"curies":[{"name":"wp","href":"https:\/\/api.w.org\/{rel}","templated":true}]}}